{"id":3286,"date":"2022-02-25T01:48:59","date_gmt":"2022-02-25T06:48:59","guid":{"rendered":"https:\/\/bomberos.puyo.gob.ec\/rendicion-de-cuentas-2021-participa-envianos-los-temas-que-desees-que-el\/"},"modified":"2023-01-08T04:32:51","modified_gmt":"2023-01-08T09:32:51","slug":"rendicion-de-cuentas-2021-participa-envianos-los-temas-que-desees-que-el","status":"publish","type":"post","link":"https:\/\/bomberos.puyo.gob.ec\/2019\/rendicion-de-cuentas-2021-participa-envianos-los-temas-que-desees-que-el\/","title":{"rendered":"|RENDICI\u00d3N DE CUENTAS 2021 &#8211; PARTICIPA| \n Env\u00edanos los temas que desees que el&#8230;"},"content":{"rendered":"<p><div><span><\/p>\n<p>|RENDICI\u00d3N DE CUENTAS 2021 &#8211; PARTICIPA| <br \/> Env\u00edanos los temas que desees que el Cuerpo de Bomberos Municipal del Cant\u00f3n Pastaza profundice en su evento deliberativo de Rendici\u00f3n de Cuentas de la gesti\u00f3n institucional 2021<br \/> Env\u00edanos tus comentarios al correo:<br \/> rendiciondecuentascbmcp2021@puyo.gob.ec<\/p>\n<p><\/span><\/div>\n<p><a href=\"https:\/\/facebook.com\/story.php?story_fbid=pfbid02YcwBdfxk5amJu1QuhnQvTF1x5gLzn7PM6B22YRohLucNehtPxmxexfPLULA2K6tal&amp;id=465093860312824&amp;eav=AfbRekXoDLkb-zDwAyddfIod0fHLU8fnDvUAVDd2veJn49SJ9KENCxE3PmMw_wKliWw&amp;viewer=465093860312824&amp;m_entstream_source=timeline&amp;__tn__=%2As%2As-R&amp;paipv=1\" aria-label=\"Abrir historia\" class=\"_5msj\"><\/a><\/p>\n<p><a href=\"https:\/\/bomberos.puyo.gob.ec\/2019\/wp-content\/uploads\/RENDICION-DE-CUENTAS-2021-PARTICIPA-Envianos-los-temas-que.jpg\"><img decoding=\"async\" class=\"wp_automatic_fb_img\" title=\"\" src=\"https:\/\/bomberos.puyo.gob.ec\/2019\/wp-content\/uploads\/RENDICION-DE-CUENTAS-2021-PARTICIPA-Envianos-los-temas-que.jpg\" \/><\/a><br \/>\n<br \/><a href=\"https:\/\/www.facebook.com\/465093860312824\/posts\/2143227142499479\">en facebook&#8230; <\/a>  <\/p>\n","protected":false},"excerpt":{"rendered":"<p><div><span><\/p>\n<p>|RENDICI\u00d3N DE CUENTAS 2021 &#8211; PARTICIPA| <br \/> Env\u00edanos los temas que desees que el Cuerpo de Bomberos Municipal del Cant\u00f3n Pastaza profundice en su evento deliberativo de Rendici\u00f3n de Cuentas de la gesti\u00f3n institucional 2021<br \/> Env\u00edanos tus comentarios al correo:<br \/> rendiciondecuentascbmcp2021@puyo.gob.ec<\/p>\n<p><\/span><\/div>\n<p><a href=\"https:\/\/facebook.com\/story.php?story_fbid=pfbid02YcwBdfxk5amJu1QuhnQvTF1x5gLzn7PM6B22YRohLucNehtPxmxexfPLULA2K6tal&amp;id=465093860312824&amp;eav=AfbRekXoDLkb-zDwAyddfIod0fHLU8fnDvUAVDd2veJn49SJ9KENCxE3PmMw_wKliWw&amp;viewer=465093860312824&amp;m_entstream_source=timeline&amp;__tn__=%2As%2As-R&amp;paipv=1\" aria-label=\"Abrir historia\" class=\"_5msj\"><\/a><\/p>\n<p><a href=\"https:\/\/scontent.fuio15-1.fna.fbcdn.net\/v\/t39.30808-6\/274697913_2143227082499485_1530871449260637498_n.png?stp=dst-png_s600x600&#038;_nc_cat=104&#038;ccb=1-7&#038;_nc_sid=730e14&#038;_nc_ohc=LvDy5ZhCo9EAX91jeX-&#038;_nc_ht=scontent.fuio15-1.fna&#038;oh=00_AfATi24kgClU2ccws7B1uDDIzMZewNBj0N3-kSrq_206Wg&#038;oe=63BF53F6\"><img decoding=\"async\" class=\"wp_automatic_fb_img\" title=\"\" src=\"https:\/\/scontent.fuio15-1.fna.fbcdn.net\/v\/t39.30808-6\/274697913_2143227082499485_1530871449260637498_n.png?stp=dst-png_s600x600&#038;_nc_cat=104&#038;ccb=1-7&#038;_nc_sid=730e14&#038;_nc_ohc=LvDy5ZhCo9EAX91jeX-&#038;_nc_ht=scontent.fuio15-1.fna&#038;oh=00_AfATi24kgClU2ccws7B1uDDIzMZewNBj0N3-kSrq_206Wg&#038;oe=63BF53F6\" \/><\/a><\/p>\n","protected":false},"author":1,"featured_media":3287,"comment_status":"open","ping_status":"open","sticky":false,"template":"","format":"standard","meta":[],"categories":[1],"tags":[752,1088,371,1086,125,280,751,1087],"_links":{"self":[{"href":"https:\/\/bomberos.puyo.gob.ec\/2019\/wp-json\/wp\/v2\/posts\/3286"}],"collection":[{"href":"https:\/\/bomberos.puyo.gob.ec\/2019\/wp-json\/wp\/v2\/posts"}],"about":[{"href":"https:\/\/bomberos.puyo.gob.ec\/2019\/wp-json\/wp\/v2\/types\/post"}],"author":[{"embeddable":true,"href":"https:\/\/bomberos.puyo.gob.ec\/2019\/wp-json\/wp\/v2\/users\/1"}],"replies":[{"embeddable":true,"href":"https:\/\/bomberos.puyo.gob.ec\/2019\/wp-json\/wp\/v2\/comments?post=3286"}],"version-history":[{"count":1,"href":"https:\/\/bomberos.puyo.gob.ec\/2019\/wp-json\/wp\/v2\/posts\/3286\/revisions"}],"predecessor-version":[{"id":3288,"href":"https:\/\/bomberos.puyo.gob.ec\/2019\/wp-json\/wp\/v2\/posts\/3286\/revisions\/3288"}],"wp:featuredmedia":[{"embeddable":true,"href":"https:\/\/bomberos.puyo.gob.ec\/2019\/wp-json\/wp\/v2\/media\/3287"}],"wp:attachment":[{"href":"https:\/\/bomberos.puyo.gob.ec\/2019\/wp-json\/wp\/v2\/media?parent=3286"}],"wp:term":[{"taxonomy":"category","embeddable":true,"href":"https:\/\/bomberos.puyo.gob.ec\/2019\/wp-json\/wp\/v2\/categories?post=3286"},{"taxonomy":"post_tag","embeddable":true,"href":"https:\/\/bomberos.puyo.gob.ec\/2019\/wp-json\/wp\/v2\/tags?post=3286"}],"curies":[{"name":"wp","href":"https:\/\/api.w.org\/{rel}","templated":true}]}}