{"id":3283,"date":"2022-02-24T15:40:51","date_gmt":"2022-02-24T20:40:51","guid":{"rendered":"https:\/\/bomberos.puyo.gob.ec\/capacitacion-interinstitucional-el-personal-operativo-del-cb-mcp-se-dirigi-2\/"},"modified":"2023-01-08T03:31:00","modified_gmt":"2023-01-08T08:31:00","slug":"capacitacion-interinstitucional-el-personal-operativo-del-cb-mcp-se-dirigi-2","status":"publish","type":"post","link":"https:\/\/bomberos.puyo.gob.ec\/2019\/capacitacion-interinstitucional-el-personal-operativo-del-cb-mcp-se-dirigi-2\/","title":{"rendered":"|CAPACITACI\u00d3N INTERINSTITUCIONAL|\n El personal operativo del CB-MCP, se dirigi&#8230;"},"content":{"rendered":"<div><span><\/p>\n<p>|CAPACITACI\u00d3N INTERINSTITUCIONAL|<\/p>\n<p> El personal operativo del CB-MCP, se dirigi\u00f3 a dar una capacitaci\u00f3n te\u00f3rica y pr\u00e1ctica al personal que labora en el \u00e1rea de nefrolog\u00eda de la  cl\u00ednica renal en temas como: <\/p>\n<p> -BRIGADAS DE EMERGENCIA y,<br \/> -EVACUACI\u00d3N.<\/p>\n<p><\/span><\/div>\n<p><a href=\"https:\/\/facebook.com\/story.php?story_fbid=pfbid02LznFabyyFfAoaW3SjEt7TL1T8bdeczRcRom7dUNBRfNWjBfBiRhd3j53pLKfAFXAl&amp;id=465093860312824&amp;eav=AfYWySTpJEXkYERB8rP3vIcgxwJoTI6l8nc36c-Cvtq6G3I3BxowdrRxsbLIdXTf1RE&amp;viewer=465093860312824&amp;m_entstream_source=timeline&amp;__tn__=%2As%2As-R&amp;paipv=1\" aria-label=\"Abrir historia\" class=\"_5msj\"><\/a><\/p>\n<p><a href=\"https:\/\/bomberos.puyo.gob.ec\/2019\/wp-content\/uploads\/1673166658_376_CAPACITACION-INTERINSTITUCIONAL-El-personal-operativo-del-CB-MCP-se-dirigi.jpg\"><img decoding=\"async\" class=\"wp_automatic_fb_img\" title=\"\" src=\"https:\/\/bomberos.puyo.gob.ec\/2019\/wp-content\/uploads\/1673166658_376_CAPACITACION-INTERINSTITUCIONAL-El-personal-operativo-del-CB-MCP-se-dirigi.jpg\" \/><\/a><br \/><a href=\"https:\/\/bomberos.puyo.gob.ec\/2019\/wp-content\/uploads\/1673166658_548_CAPACITACION-INTERINSTITUCIONAL-El-personal-operativo-del-CB-MCP-se-dirigi.jpg\"><img decoding=\"async\" class=\"wp_automatic_fb_img\" title=\"\" src=\"https:\/\/bomberos.puyo.gob.ec\/2019\/wp-content\/uploads\/1673166658_548_CAPACITACION-INTERINSTITUCIONAL-El-personal-operativo-del-CB-MCP-se-dirigi.jpg\" \/><\/a><br \/>\n<br \/><a href=\"https:\/\/www.facebook.com\/465093860312824\/posts\/2142939035861623\">en facebook&#8230; <\/a>  <\/p>\n","protected":false},"excerpt":{"rendered":"<div><span><\/p>\n<p>|CAPACITACI\u00d3N INTERINSTITUCIONAL|<\/p>\n<p> El personal operativo del CB-MCP, se dirigi\u00f3 a dar una capacitaci\u00f3n te\u00f3rica y pr\u00e1ctica al personal que labora en el \u00e1rea de nefrolog\u00eda de la  cl\u00ednica renal en temas como: <\/p>\n<p> -BRIGADAS DE EMERGENCIA y,<br \/> -EVACUACI\u00d3N.<\/p>\n<p><\/span><\/div>\n<p><a href=\"https:\/\/facebook.com\/story.php?story_fbid=pfbid02LznFabyyFfAoaW3SjEt7TL1T8bdeczRcRom7dUNBRfNWjBfBiRhd3j53pLKfAFXAl&amp;id=465093860312824&amp;eav=AfYWySTpJEXkYERB8rP3vIcgxwJoTI6l8nc36c-Cvtq6G3I3BxowdrRxsbLIdXTf1RE&amp;viewer=465093860312824&amp;m_entstream_source=timeline&amp;__tn__=%2As%2As-R&amp;paipv=1\" aria-label=\"Abrir historia\" class=\"_5msj\"><\/a><\/p>\n<p><a href=\"https:\/\/scontent.fuio15-1.fna.fbcdn.net\/v\/t39.30808-6\/274791003_2142938965861630_2020676515745641434_n.jpg?_nc_cat=106&#038;ccb=1-7&#038;_nc_sid=8bfeb9&#038;_nc_ohc=HapvvVAaOFUAX9T1fYP&#038;_nc_ht=scontent.fuio15-1.fna&#038;oh=00_AfCWTGusGUMRFsK_1rEv53tqMz2rU4Gs18FO84vsuTIv0A&#038;oe=63C0183C\"><img decoding=\"async\" class=\"wp_automatic_fb_img\" title=\"\" src=\"https:\/\/scontent.fuio15-1.fna.fbcdn.net\/v\/t39.30808-6\/274791003_2142938965861630_2020676515745641434_n.jpg?_nc_cat=106&#038;ccb=1-7&#038;_nc_sid=8bfeb9&#038;_nc_ohc=HapvvVAaOFUAX9T1fYP&#038;_nc_ht=scontent.fuio15-1.fna&#038;oh=00_AfCWTGusGUMRFsK_1rEv53tqMz2rU4Gs18FO84vsuTIv0A&#038;oe=63C0183C\" \/><\/a><br \/><a href=\"https:\/\/scontent.fuio15-1.fna.fbcdn.net\/v\/t39.30808-6\/274744941_2142938979194962_9085018600105846169_n.jpg?_nc_cat=110&#038;ccb=1-7&#038;_nc_sid=8bfeb9&#038;_nc_ohc=bGSN4DiY0NoAX92T3aJ&#038;_nc_ht=scontent.fuio15-1.fna&#038;oh=00_AfCuZSYqXi22Z_fCDvpSm-PlVyjz48h59kGWEQy7ZW7u9Q&#038;oe=63C02DFB\"><img decoding=\"async\" class=\"wp_automatic_fb_img\" title=\"\" src=\"https:\/\/scontent.fuio15-1.fna.fbcdn.net\/v\/t39.30808-6\/274744941_2142938979194962_9085018600105846169_n.jpg?_nc_cat=110&#038;ccb=1-7&#038;_nc_sid=8bfeb9&#038;_nc_ohc=bGSN4DiY0NoAX92T3aJ&#038;_nc_ht=scontent.fuio15-1.fna&#038;oh=00_AfCuZSYqXi22Z_fCDvpSm-PlVyjz48h59kGWEQy7ZW7u9Q&#038;oe=63C02DFB\" \/><\/a><\/p>\n","protected":false},"author":1,"featured_media":3284,"comment_status":"open","ping_status":"open","sticky":false,"template":"","format":"standard","meta":[],"categories":[1],"tags":[65,852,32,1085,958,494,34],"_links":{"self":[{"href":"https:\/\/bomberos.puyo.gob.ec\/2019\/wp-json\/wp\/v2\/posts\/3283"}],"collection":[{"href":"https:\/\/bomberos.puyo.gob.ec\/2019\/wp-json\/wp\/v2\/posts"}],"about":[{"href":"https:\/\/bomberos.puyo.gob.ec\/2019\/wp-json\/wp\/v2\/types\/post"}],"author":[{"embeddable":true,"href":"https:\/\/bomberos.puyo.gob.ec\/2019\/wp-json\/wp\/v2\/users\/1"}],"replies":[{"embeddable":true,"href":"https:\/\/bomberos.puyo.gob.ec\/2019\/wp-json\/wp\/v2\/comments?post=3283"}],"version-history":[{"count":1,"href":"https:\/\/bomberos.puyo.gob.ec\/2019\/wp-json\/wp\/v2\/posts\/3283\/revisions"}],"predecessor-version":[{"id":3285,"href":"https:\/\/bomberos.puyo.gob.ec\/2019\/wp-json\/wp\/v2\/posts\/3283\/revisions\/3285"}],"wp:featuredmedia":[{"embeddable":true,"href":"https:\/\/bomberos.puyo.gob.ec\/2019\/wp-json\/wp\/v2\/media\/3284"}],"wp:attachment":[{"href":"https:\/\/bomberos.puyo.gob.ec\/2019\/wp-json\/wp\/v2\/media?parent=3283"}],"wp:term":[{"taxonomy":"category","embeddable":true,"href":"https:\/\/bomberos.puyo.gob.ec\/2019\/wp-json\/wp\/v2\/categories?post=3283"},{"taxonomy":"post_tag","embeddable":true,"href":"https:\/\/bomberos.puyo.gob.ec\/2019\/wp-json\/wp\/v2\/tags?post=3283"}],"curies":[{"name":"wp","href":"https:\/\/api.w.org\/{rel}","templated":true}]}}