{"id":3268,"date":"2022-02-26T20:41:02","date_gmt":"2022-02-27T01:41:02","guid":{"rendered":"https:\/\/bomberos.puyo.gob.ec\/operativo-feriado-el-dia-hoy-nuestras-unidades-de-emergencia-se-activar\/"},"modified":"2023-01-07T20:11:31","modified_gmt":"2023-01-08T01:11:31","slug":"operativo-feriado-el-dia-hoy-nuestras-unidades-de-emergencia-se-activar","status":"publish","type":"post","link":"https:\/\/bomberos.puyo.gob.ec\/2019\/operativo-feriado-el-dia-hoy-nuestras-unidades-de-emergencia-se-activar\/","title":{"rendered":"|OPERATIVO FERIADO|\n    El d\u00eda hoy nuestras unidades  de emergencia se activar&#8230;"},"content":{"rendered":"<p>|OPERATIVO FERIADO|<br \/>\n \ud83d\udc68\u200d\ud83d\ude92 \ud83d\ude92 \ud83d\ude91 \ud83c\udfca\u200d\u2640\ufe0fEl d\u00eda hoy nuestras unidades  de emergencia se activaron para brindar soporte de seguridad en cada uno de los lugares tur\u00edsticos de nuestro cant\u00f3n con el objetivo de precautelar la integridad de nuestros ciudadanos siendo esta nuestra VOCACI\u00d3N Y SERVICIO.<br \/>\n \ud83d\udc68\u200d\ud83d\ude92\ud83d\udcaa \u00bb ABNEGACI\u00d3N Y DISCIPLINA \u00bb<\/p>\n<p><a href=\"https:\/\/facebook.com\/story.php?story_fbid=pfbid0KFeq8vMjAzVuZhsiyC56WqbdzK5Mk5Qu2meeAWbemNwEeGzF4nKAPCUFevWjfPVwl&amp;id=465093860312824&amp;eav=AfbBmVyT70W3hFv5YKnetJzYojISckFREZ63RCMlArBSXwvF3OwF-Oob_XPJ1LVm49U&amp;viewer=465093860312824&amp;m_entstream_source=timeline&amp;__tn__=%2As%2As-R&amp;paipv=1\" aria-label=\"Abrir historia\" class=\"_5msj\"><\/a><\/p>\n<p><a href=\"https:\/\/bomberos.puyo.gob.ec\/2019\/wp-content\/uploads\/OPERATIVO-FERIADO-El-dia-hoy-nuestras-unidades-de-emergencia-se.jpg\"><img decoding=\"async\" class=\"wp_automatic_fb_img\" title=\"\" src=\"https:\/\/bomberos.puyo.gob.ec\/2019\/wp-content\/uploads\/OPERATIVO-FERIADO-El-dia-hoy-nuestras-unidades-de-emergencia-se.jpg\" \/><\/a><br \/><a href=\"https:\/\/bomberos.puyo.gob.ec\/2019\/wp-content\/uploads\/1673140289_495_OPERATIVO-FERIADO-El-dia-hoy-nuestras-unidades-de-emergencia-se.jpg\"><img decoding=\"async\" class=\"wp_automatic_fb_img\" title=\"\" src=\"https:\/\/bomberos.puyo.gob.ec\/2019\/wp-content\/uploads\/1673140289_495_OPERATIVO-FERIADO-El-dia-hoy-nuestras-unidades-de-emergencia-se.jpg\" \/><\/a><br \/>\n<br \/><a href=\"https:\/\/www.facebook.com\/465093860312824\/posts\/2144594349029425\">en facebook&#8230; <\/a>  <\/p>\n","protected":false},"excerpt":{"rendered":"<p>|OPERATIVO FERIADO|<br \/>\n \ud83d\udc68\u200d\ud83d\ude92 \ud83d\ude92 \ud83d\ude91 \ud83c\udfca\u200d\u2640\ufe0fEl d\u00eda hoy nuestras unidades  de emergencia se activaron para brindar soporte de seguridad en cada uno de los lugares tur\u00edsticos de nuestro cant\u00f3n con el objetivo de precautelar la integridad de nuestros ciudadanos siendo esta nuestra VOCACI\u00d3N Y SERVICIO.<br \/>\n \ud83d\udc68\u200d\ud83d\ude92\ud83d\udcaa \u00bb ABNEGACI\u00d3N Y DISCIPLINA \u00bb<\/p>\n<p><a href=\"https:\/\/facebook.com\/story.php?story_fbid=pfbid0KFeq8vMjAzVuZhsiyC56WqbdzK5Mk5Qu2meeAWbemNwEeGzF4nKAPCUFevWjfPVwl&amp;id=465093860312824&amp;eav=AfbBmVyT70W3hFv5YKnetJzYojISckFREZ63RCMlArBSXwvF3OwF-Oob_XPJ1LVm49U&amp;viewer=465093860312824&amp;m_entstream_source=timeline&amp;__tn__=%2As%2As-R&amp;paipv=1\" aria-label=\"Abrir historia\" class=\"_5msj\"><\/a><\/p>\n<p><a href=\"https:\/\/scontent.fuio15-1.fna.fbcdn.net\/v\/t39.30808-6\/274869771_2144594302362763_4747981062001229395_n.jpg?_nc_cat=106&#038;ccb=1-7&#038;_nc_sid=8bfeb9&#038;_nc_ohc=9bh8TeyCeyoAX_2iHHw&#038;_nc_oc=AQkYWOZn1zXnsjJf0mI5q73SqBHOWVSyMabQG2uM__LBRnqeoF29NaFd82VEC8wK7_E&#038;_nc_ht=scontent.fuio15-1.fna&#038;oh=00_AfBfW7uq-e259jdVt631gO2Ls6dtssZ3YcsrV7vXK26-eQ&#038;oe=63BE2852\"><img decoding=\"async\" class=\"wp_automatic_fb_img\" title=\"\" src=\"https:\/\/scontent.fuio15-1.fna.fbcdn.net\/v\/t39.30808-6\/274869771_2144594302362763_4747981062001229395_n.jpg?_nc_cat=106&#038;ccb=1-7&#038;_nc_sid=8bfeb9&#038;_nc_ohc=9bh8TeyCeyoAX_2iHHw&#038;_nc_oc=AQkYWOZn1zXnsjJf0mI5q73SqBHOWVSyMabQG2uM__LBRnqeoF29NaFd82VEC8wK7_E&#038;_nc_ht=scontent.fuio15-1.fna&#038;oh=00_AfBfW7uq-e259jdVt631gO2Ls6dtssZ3YcsrV7vXK26-eQ&#038;oe=63BE2852\" \/><\/a><br \/><a href=\"https:\/\/scontent.fuio15-1.fna.fbcdn.net\/v\/t39.30808-6\/274817915_2144594312362762_211659570857442702_n.jpg?_nc_cat=106&#038;ccb=1-7&#038;_nc_sid=8bfeb9&#038;_nc_ohc=C632Fu6eLcUAX9bD4zc&#038;_nc_ht=scontent.fuio15-1.fna&#038;oh=00_AfAzpbv-kIRUYXh_9DSnwOEUmJsj8QbGd1qVxDgLQRMViw&#038;oe=63BE2D5B\"><img decoding=\"async\" class=\"wp_automatic_fb_img\" title=\"\" src=\"https:\/\/scontent.fuio15-1.fna.fbcdn.net\/v\/t39.30808-6\/274817915_2144594312362762_211659570857442702_n.jpg?_nc_cat=106&#038;ccb=1-7&#038;_nc_sid=8bfeb9&#038;_nc_ohc=C632Fu6eLcUAX9bD4zc&#038;_nc_ht=scontent.fuio15-1.fna&#038;oh=00_AfAzpbv-kIRUYXh_9DSnwOEUmJsj8QbGd1qVxDgLQRMViw&#038;oe=63BE2D5B\" \/><\/a><\/p>\n","protected":false},"author":1,"featured_media":3269,"comment_status":"open","ping_status":"open","sticky":false,"template":"","format":"standard","meta":[],"categories":[1],"tags":[1084,24,182,131,202,1083,494,70],"_links":{"self":[{"href":"https:\/\/bomberos.puyo.gob.ec\/2019\/wp-json\/wp\/v2\/posts\/3268"}],"collection":[{"href":"https:\/\/bomberos.puyo.gob.ec\/2019\/wp-json\/wp\/v2\/posts"}],"about":[{"href":"https:\/\/bomberos.puyo.gob.ec\/2019\/wp-json\/wp\/v2\/types\/post"}],"author":[{"embeddable":true,"href":"https:\/\/bomberos.puyo.gob.ec\/2019\/wp-json\/wp\/v2\/users\/1"}],"replies":[{"embeddable":true,"href":"https:\/\/bomberos.puyo.gob.ec\/2019\/wp-json\/wp\/v2\/comments?post=3268"}],"version-history":[{"count":1,"href":"https:\/\/bomberos.puyo.gob.ec\/2019\/wp-json\/wp\/v2\/posts\/3268\/revisions"}],"predecessor-version":[{"id":3270,"href":"https:\/\/bomberos.puyo.gob.ec\/2019\/wp-json\/wp\/v2\/posts\/3268\/revisions\/3270"}],"wp:featuredmedia":[{"embeddable":true,"href":"https:\/\/bomberos.puyo.gob.ec\/2019\/wp-json\/wp\/v2\/media\/3269"}],"wp:attachment":[{"href":"https:\/\/bomberos.puyo.gob.ec\/2019\/wp-json\/wp\/v2\/media?parent=3268"}],"wp:term":[{"taxonomy":"category","embeddable":true,"href":"https:\/\/bomberos.puyo.gob.ec\/2019\/wp-json\/wp\/v2\/categories?post=3268"},{"taxonomy":"post_tag","embeddable":true,"href":"https:\/\/bomberos.puyo.gob.ec\/2019\/wp-json\/wp\/v2\/tags?post=3268"}],"curies":[{"name":"wp","href":"https:\/\/api.w.org\/{rel}","templated":true}]}}