{"id":3265,"date":"2022-02-26T20:42:51","date_gmt":"2022-02-27T01:42:51","guid":{"rendered":"https:\/\/bomberos.puyo.gob.ec\/corte-de-arbol-5\/"},"modified":"2023-01-07T19:08:10","modified_gmt":"2023-01-08T00:08:10","slug":"corte-de-arbol-5","status":"publish","type":"post","link":"https:\/\/bomberos.puyo.gob.ec\/2019\/corte-de-arbol-5\/","title":{"rendered":"|CORTE DE \u00c1RBOL|&#8230;"},"content":{"rendered":"<p>|CORTE DE \u00c1RBOL|<\/p>\n<p>\ud83d\udc68\u200d\ud83d\ude92\ud83c\udf33 El d\u00eda de hoy nuestra unidad especializada en corte de \u00e1rboles realiza dicha actividad en un \u00e1rbol que se encontraba generando riesgo en una vivienda aleda\u00f1a al mismo, se deja el lugar seguro fuera de peligro.<\/p>\n<p>\ud83d\udea7 Se recomienda a la ciudadan\u00eda antes de solicitar  el corte de un \u00e1rbol verificar si el mismo se encuentra generando riesgos a la vida o bienes inmuebles.<\/p>\n<p><a href=\"https:\/\/bomberos.puyo.gob.ec\/2019\/wp-content\/uploads\/1673136486_511_CORTE-DE-ARBOL.jpg\"><img decoding=\"async\" class=\"wp_automatic_fb_img\" title=\"\" src=\"https:\/\/bomberos.puyo.gob.ec\/2019\/wp-content\/uploads\/1673136486_511_CORTE-DE-ARBOL.jpg\" \/><\/a><br \/><a href=\"https:\/\/bomberos.puyo.gob.ec\/2019\/wp-content\/uploads\/1673136488_230_CORTE-DE-ARBOL.jpg\"><img decoding=\"async\" class=\"wp_automatic_fb_img\" title=\"\" src=\"https:\/\/bomberos.puyo.gob.ec\/2019\/wp-content\/uploads\/1673136488_230_CORTE-DE-ARBOL.jpg\" \/><\/a><br \/><a href=\"https:\/\/bomberos.puyo.gob.ec\/2019\/wp-content\/uploads\/1673136488_440_CORTE-DE-ARBOL.jpg\"><img decoding=\"async\" class=\"wp_automatic_fb_img\" title=\"\" src=\"https:\/\/bomberos.puyo.gob.ec\/2019\/wp-content\/uploads\/1673136488_440_CORTE-DE-ARBOL.jpg\" \/><\/a><br \/>\n<br \/><a href=\"https:\/\/www.facebook.com\/465093860312824\/posts\/2144595325695994\">en facebook&#8230; <\/a>  <\/p>\n","protected":false},"excerpt":{"rendered":"<p>|CORTE DE \u00c1RBOL|<\/p>\n<p>\ud83d\udc68\u200d\ud83d\ude92\ud83c\udf33 El d\u00eda de hoy nuestra unidad especializada en corte de \u00e1rboles realiza dicha actividad en un \u00e1rbol que se encontraba generando riesgo en una vivienda aleda\u00f1a al mismo, se deja el lugar seguro fuera de peligro.<\/p>\n<p>\ud83d\udea7 Se recomienda a la ciudadan\u00eda antes de solicitar  el corte de un \u00e1rbol verificar si el mismo se encuentra generando riesgos a la vida o bienes inmuebles.<\/p>\n<p><a href=\"https:\/\/scontent.fuio15-1.fna.fbcdn.net\/v\/t39.30808-6\/274825121_2144595255696001_7981033843452789508_n.jpg?_nc_cat=108&#038;ccb=1-7&#038;_nc_sid=8bfeb9&#038;_nc_ohc=yn6-eVsbBagAX8ZANur&#038;_nc_ht=scontent.fuio15-1.fna&#038;oh=00_AfB8Sc81q5ImDnKHVTiFs09IlEiYWgXCWvpguEZT7cNRJQ&#038;oe=63BFEB49\"><img decoding=\"async\" class=\"wp_automatic_fb_img\" title=\"\" src=\"https:\/\/scontent.fuio15-1.fna.fbcdn.net\/v\/t39.30808-6\/274825121_2144595255696001_7981033843452789508_n.jpg?_nc_cat=108&#038;ccb=1-7&#038;_nc_sid=8bfeb9&#038;_nc_ohc=yn6-eVsbBagAX8ZANur&#038;_nc_ht=scontent.fuio15-1.fna&#038;oh=00_AfB8Sc81q5ImDnKHVTiFs09IlEiYWgXCWvpguEZT7cNRJQ&#038;oe=63BFEB49\" \/><\/a><br \/><a href=\"https:\/\/scontent.fuio15-1.fna.fbcdn.net\/v\/t39.30808-6\/274852948_2144595259029334_8668775981554763680_n.jpg?_nc_cat=103&#038;ccb=1-7&#038;_nc_sid=8bfeb9&#038;_nc_ohc=pZucUfQfvQwAX-a65hU&#038;_nc_ht=scontent.fuio15-1.fna&#038;oh=00_AfAjAqjfBSbNfg4jobgiJETkAWIGANMAGS4fBNBoZT3tpg&#038;oe=63BEC565\"><img decoding=\"async\" class=\"wp_automatic_fb_img\" title=\"\" src=\"https:\/\/scontent.fuio15-1.fna.fbcdn.net\/v\/t39.30808-6\/274852948_2144595259029334_8668775981554763680_n.jpg?_nc_cat=103&#038;ccb=1-7&#038;_nc_sid=8bfeb9&#038;_nc_ohc=pZucUfQfvQwAX-a65hU&#038;_nc_ht=scontent.fuio15-1.fna&#038;oh=00_AfAjAqjfBSbNfg4jobgiJETkAWIGANMAGS4fBNBoZT3tpg&#038;oe=63BEC565\" \/><\/a><br \/><a href=\"https:\/\/scontent.fuio15-1.fna.fbcdn.net\/v\/t39.30808-6\/274861499_2144595269029333_492500097566761119_n.jpg?_nc_cat=110&#038;ccb=1-7&#038;_nc_sid=8bfeb9&#038;_nc_ohc=OlZf_uOZVLEAX_F1bpd&#038;_nc_ht=scontent.fuio15-1.fna&#038;oh=00_AfDAO7oP_t5T2-8qvnEN1p4iUyTT2fJ6x3uUgn_CARFslA&#038;oe=63BF82A0\"><img decoding=\"async\" class=\"wp_automatic_fb_img\" title=\"\" src=\"https:\/\/scontent.fuio15-1.fna.fbcdn.net\/v\/t39.30808-6\/274861499_2144595269029333_492500097566761119_n.jpg?_nc_cat=110&#038;ccb=1-7&#038;_nc_sid=8bfeb9&#038;_nc_ohc=OlZf_uOZVLEAX_F1bpd&#038;_nc_ht=scontent.fuio15-1.fna&#038;oh=00_AfDAO7oP_t5T2-8qvnEN1p4iUyTT2fJ6x3uUgn_CARFslA&#038;oe=63BF82A0\" \/><\/a><\/p>\n","protected":false},"author":1,"featured_media":3266,"comment_status":"open","ping_status":"open","sticky":false,"template":"","format":"standard","meta":[],"categories":[1],"tags":[760,759],"_links":{"self":[{"href":"https:\/\/bomberos.puyo.gob.ec\/2019\/wp-json\/wp\/v2\/posts\/3265"}],"collection":[{"href":"https:\/\/bomberos.puyo.gob.ec\/2019\/wp-json\/wp\/v2\/posts"}],"about":[{"href":"https:\/\/bomberos.puyo.gob.ec\/2019\/wp-json\/wp\/v2\/types\/post"}],"author":[{"embeddable":true,"href":"https:\/\/bomberos.puyo.gob.ec\/2019\/wp-json\/wp\/v2\/users\/1"}],"replies":[{"embeddable":true,"href":"https:\/\/bomberos.puyo.gob.ec\/2019\/wp-json\/wp\/v2\/comments?post=3265"}],"version-history":[{"count":1,"href":"https:\/\/bomberos.puyo.gob.ec\/2019\/wp-json\/wp\/v2\/posts\/3265\/revisions"}],"predecessor-version":[{"id":3267,"href":"https:\/\/bomberos.puyo.gob.ec\/2019\/wp-json\/wp\/v2\/posts\/3265\/revisions\/3267"}],"wp:featuredmedia":[{"embeddable":true,"href":"https:\/\/bomberos.puyo.gob.ec\/2019\/wp-json\/wp\/v2\/media\/3266"}],"wp:attachment":[{"href":"https:\/\/bomberos.puyo.gob.ec\/2019\/wp-json\/wp\/v2\/media?parent=3265"}],"wp:term":[{"taxonomy":"category","embeddable":true,"href":"https:\/\/bomberos.puyo.gob.ec\/2019\/wp-json\/wp\/v2\/categories?post=3265"},{"taxonomy":"post_tag","embeddable":true,"href":"https:\/\/bomberos.puyo.gob.ec\/2019\/wp-json\/wp\/v2\/tags?post=3265"}],"curies":[{"name":"wp","href":"https:\/\/api.w.org\/{rel}","templated":true}]}}