{"id":3262,"date":"2022-02-27T12:11:48","date_gmt":"2022-02-27T17:11:48","guid":{"rendered":"https:\/\/bomberos.puyo.gob.ec\/operativo-feriado\/"},"modified":"2023-01-07T18:06:46","modified_gmt":"2023-01-07T23:06:46","slug":"operativo-feriado","status":"publish","type":"post","link":"https:\/\/bomberos.puyo.gob.ec\/2019\/operativo-feriado\/","title":{"rendered":"|OPERATIVO FERIADO|&#8230;"},"content":{"rendered":"<p>|OPERATIVO FERIADO|<\/p>\n<p> \ud83d\ude92 \ud83d\ude91 Por coordinaci\u00f3n de nuestra instituci\u00f3n las unidades de emergencia se dirigen a distintos lugares tur\u00edsticos de nuestro cant\u00f3n para brindar soporte de seguridad y precautelar la integridad de nuestros ciudadanos y turistas que se hacen presentes por el feriado de carnaval.<\/p>\n<p>\ud83d\udc68\u200d\ud83d\ude92\ud83d\udcaa \u00bb ABNEGACI\u00d3N Y DISCIPLINA \u00ab<\/p>\n<p><a href=\"https:\/\/bomberos.puyo.gob.ec\/2019\/wp-content\/uploads\/OPERATIVO-FERIADO.jpg\"><img decoding=\"async\" class=\"wp_automatic_fb_img\" title=\"\" src=\"https:\/\/bomberos.puyo.gob.ec\/2019\/wp-content\/uploads\/OPERATIVO-FERIADO.jpg\" \/><\/a><br \/><a href=\"https:\/\/bomberos.puyo.gob.ec\/2019\/wp-content\/uploads\/1673132805_586_OPERATIVO-FERIADO.jpg\"><img decoding=\"async\" class=\"wp_automatic_fb_img\" title=\"\" src=\"https:\/\/bomberos.puyo.gob.ec\/2019\/wp-content\/uploads\/1673132805_586_OPERATIVO-FERIADO.jpg\" \/><\/a><br \/>\n<br \/><a href=\"https:\/\/www.facebook.com\/465093860312824\/posts\/2145141698974690\">en facebook&#8230; <\/a>  <\/p>\n","protected":false},"excerpt":{"rendered":"<p>|OPERATIVO FERIADO|<\/p>\n<p> \ud83d\ude92 \ud83d\ude91 Por coordinaci\u00f3n de nuestra instituci\u00f3n las unidades de emergencia se dirigen a distintos lugares tur\u00edsticos de nuestro cant\u00f3n para brindar soporte de seguridad y precautelar la integridad de nuestros ciudadanos y turistas que se hacen presentes por el feriado de carnaval.<\/p>\n<p>\ud83d\udc68\u200d\ud83d\ude92\ud83d\udcaa \u00bb ABNEGACI\u00d3N Y DISCIPLINA \u00ab<\/p>\n<p><a href=\"https:\/\/scontent.fuio15-1.fna.fbcdn.net\/v\/t39.30808-6\/274811560_2145141598974700_4040522071301007612_n.jpg?_nc_cat=102&#038;ccb=1-7&#038;_nc_sid=8bfeb9&#038;_nc_ohc=tjIgY5qgX2UAX_32wHC&#038;_nc_ht=scontent.fuio15-1.fna&#038;oh=00_AfALq4_UHBFQf008HED1Q1LwWSZ15pxBJd1JMY4lFKb5gQ&#038;oe=63BE6384\"><img decoding=\"async\" class=\"wp_automatic_fb_img\" title=\"\" src=\"https:\/\/scontent.fuio15-1.fna.fbcdn.net\/v\/t39.30808-6\/274811560_2145141598974700_4040522071301007612_n.jpg?_nc_cat=102&#038;ccb=1-7&#038;_nc_sid=8bfeb9&#038;_nc_ohc=tjIgY5qgX2UAX_32wHC&#038;_nc_ht=scontent.fuio15-1.fna&#038;oh=00_AfALq4_UHBFQf008HED1Q1LwWSZ15pxBJd1JMY4lFKb5gQ&#038;oe=63BE6384\" \/><\/a><br \/><a href=\"https:\/\/scontent.fuio15-1.fna.fbcdn.net\/v\/t39.30808-6\/274878868_2145141645641362_5722135789600556469_n.jpg?_nc_cat=109&#038;ccb=1-7&#038;_nc_sid=8bfeb9&#038;_nc_ohc=eQzDY-fciSkAX_PGAD6&#038;_nc_ht=scontent.fuio15-1.fna&#038;oh=00_AfB04Fg3l_f2uOSQLxclaIt-FfQCKZcoKC13Df293CdpTg&#038;oe=63BFDB3B\"><img decoding=\"async\" class=\"wp_automatic_fb_img\" title=\"\" src=\"https:\/\/scontent.fuio15-1.fna.fbcdn.net\/v\/t39.30808-6\/274878868_2145141645641362_5722135789600556469_n.jpg?_nc_cat=109&#038;ccb=1-7&#038;_nc_sid=8bfeb9&#038;_nc_ohc=eQzDY-fciSkAX_PGAD6&#038;_nc_ht=scontent.fuio15-1.fna&#038;oh=00_AfB04Fg3l_f2uOSQLxclaIt-FfQCKZcoKC13Df293CdpTg&#038;oe=63BFDB3B\" \/><\/a><\/p>\n","protected":false},"author":1,"featured_media":3263,"comment_status":"open","ping_status":"open","sticky":false,"template":"","format":"standard","meta":[],"categories":[1],"tags":[131,494],"_links":{"self":[{"href":"https:\/\/bomberos.puyo.gob.ec\/2019\/wp-json\/wp\/v2\/posts\/3262"}],"collection":[{"href":"https:\/\/bomberos.puyo.gob.ec\/2019\/wp-json\/wp\/v2\/posts"}],"about":[{"href":"https:\/\/bomberos.puyo.gob.ec\/2019\/wp-json\/wp\/v2\/types\/post"}],"author":[{"embeddable":true,"href":"https:\/\/bomberos.puyo.gob.ec\/2019\/wp-json\/wp\/v2\/users\/1"}],"replies":[{"embeddable":true,"href":"https:\/\/bomberos.puyo.gob.ec\/2019\/wp-json\/wp\/v2\/comments?post=3262"}],"version-history":[{"count":1,"href":"https:\/\/bomberos.puyo.gob.ec\/2019\/wp-json\/wp\/v2\/posts\/3262\/revisions"}],"predecessor-version":[{"id":3264,"href":"https:\/\/bomberos.puyo.gob.ec\/2019\/wp-json\/wp\/v2\/posts\/3262\/revisions\/3264"}],"wp:featuredmedia":[{"embeddable":true,"href":"https:\/\/bomberos.puyo.gob.ec\/2019\/wp-json\/wp\/v2\/media\/3263"}],"wp:attachment":[{"href":"https:\/\/bomberos.puyo.gob.ec\/2019\/wp-json\/wp\/v2\/media?parent=3262"}],"wp:term":[{"taxonomy":"category","embeddable":true,"href":"https:\/\/bomberos.puyo.gob.ec\/2019\/wp-json\/wp\/v2\/categories?post=3262"},{"taxonomy":"post_tag","embeddable":true,"href":"https:\/\/bomberos.puyo.gob.ec\/2019\/wp-json\/wp\/v2\/tags?post=3262"}],"curies":[{"name":"wp","href":"https:\/\/api.w.org\/{rel}","templated":true}]}}