{"id":3256,"date":"2022-02-28T13:24:19","date_gmt":"2022-02-28T18:24:19","guid":{"rendered":"https:\/\/bomberos.puyo.gob.ec\/operativo-feriado-la-unidad-a3-se-dirigio-a-dar-soporte-en-el-sector-del\/"},"modified":"2023-01-07T14:50:20","modified_gmt":"2023-01-07T19:50:20","slug":"operativo-feriado-la-unidad-a3-se-dirigio-a-dar-soporte-en-el-sector-del","status":"publish","type":"post","link":"https:\/\/bomberos.puyo.gob.ec\/2019\/operativo-feriado-la-unidad-a3-se-dirigio-a-dar-soporte-en-el-sector-del\/","title":{"rendered":"|OPERATIVO FERIADO|\n  La unidad A3, se dirigi\u00f3 a dar soporte en el sector del &#8230;"},"content":{"rendered":"<p>|OPERATIVO FERIADO|<br \/>\n \ud83d\ude91\ud83d\udea8 La unidad A3, se dirigi\u00f3 a dar soporte en el sector del parque acu\u00e1tico con 3 bomberos rescatistas por motivo del feriado durante todo el d\u00eda.<\/p>\n<p><a href=\"https:\/\/facebook.com\/story.php?story_fbid=pfbid034pzXy5B5uquBtnp9mfkZkuUiLb7DkHYz2kzxoz8B9nUeBS7AZ46ee4mJnyDN279xl&amp;id=465093860312824&amp;eav=Afa8GQ-pQ0OSj38KMXv45a9kWGzxjTMT-L4ZljwVHuHUWlfjdJs74EJSgS4Pv59ihok&amp;viewer=465093860312824&amp;m_entstream_source=timeline&amp;__tn__=%2As%2As-R&amp;paipv=1\" aria-label=\"Abrir historia\" class=\"_5msj\"><\/a><\/p>\n<p><a href=\"https:\/\/bomberos.puyo.gob.ec\/2019\/wp-content\/uploads\/OPERATIVO-FERIADO-La-unidad-A3-se-dirigio-a-dar-soporte.jpg\"><img decoding=\"async\" class=\"wp_automatic_fb_img\" title=\"\" src=\"https:\/\/bomberos.puyo.gob.ec\/2019\/wp-content\/uploads\/OPERATIVO-FERIADO-La-unidad-A3-se-dirigio-a-dar-soporte.jpg\" \/><\/a><br \/><a href=\"https:\/\/bomberos.puyo.gob.ec\/2019\/wp-content\/uploads\/1673121019_326_OPERATIVO-FERIADO-La-unidad-A3-se-dirigio-a-dar-soporte.jpg\"><img decoding=\"async\" class=\"wp_automatic_fb_img\" title=\"\" src=\"https:\/\/bomberos.puyo.gob.ec\/2019\/wp-content\/uploads\/1673121019_326_OPERATIVO-FERIADO-La-unidad-A3-se-dirigio-a-dar-soporte.jpg\" \/><\/a><br \/>\n<br \/><a href=\"https:\/\/www.facebook.com\/465093860312824\/posts\/2145975682224625\">en facebook&#8230; <\/a>  <\/p>\n","protected":false},"excerpt":{"rendered":"<p>|OPERATIVO FERIADO|<br \/>\n \ud83d\ude91\ud83d\udea8 La unidad A3, se dirigi\u00f3 a dar soporte en el sector del parque acu\u00e1tico con 3 bomberos rescatistas por motivo del feriado durante todo el d\u00eda.<\/p>\n<p><a href=\"https:\/\/facebook.com\/story.php?story_fbid=pfbid034pzXy5B5uquBtnp9mfkZkuUiLb7DkHYz2kzxoz8B9nUeBS7AZ46ee4mJnyDN279xl&amp;id=465093860312824&amp;eav=Afa8GQ-pQ0OSj38KMXv45a9kWGzxjTMT-L4ZljwVHuHUWlfjdJs74EJSgS4Pv59ihok&amp;viewer=465093860312824&amp;m_entstream_source=timeline&amp;__tn__=%2As%2As-R&amp;paipv=1\" aria-label=\"Abrir historia\" class=\"_5msj\"><\/a><\/p>\n<p><a href=\"https:\/\/scontent.fuio15-1.fna.fbcdn.net\/v\/t39.30808-6\/274919970_2145975622224631_6342315774227305719_n.jpg?_nc_cat=101&#038;ccb=1-7&#038;_nc_sid=8bfeb9&#038;_nc_ohc=-u8nEogJ3iYAX9CQEK2&#038;_nc_ht=scontent.fuio15-1.fna&#038;oh=00_AfDKMwJyPyVH0akl00jMjgsYFZZy_gYdlaP5Ts7Ibur-lQ&#038;oe=63BF0B1E\"><img decoding=\"async\" class=\"wp_automatic_fb_img\" title=\"\" src=\"https:\/\/scontent.fuio15-1.fna.fbcdn.net\/v\/t39.30808-6\/274919970_2145975622224631_6342315774227305719_n.jpg?_nc_cat=101&#038;ccb=1-7&#038;_nc_sid=8bfeb9&#038;_nc_ohc=-u8nEogJ3iYAX9CQEK2&#038;_nc_ht=scontent.fuio15-1.fna&#038;oh=00_AfDKMwJyPyVH0akl00jMjgsYFZZy_gYdlaP5Ts7Ibur-lQ&#038;oe=63BF0B1E\" \/><\/a><br \/><a href=\"https:\/\/scontent.fuio15-1.fna.fbcdn.net\/v\/t39.30808-6\/274943711_2145975642224629_7198357052945960505_n.jpg?_nc_cat=104&#038;ccb=1-7&#038;_nc_sid=8bfeb9&#038;_nc_ohc=WCZn_lWsbu8AX_uKn8W&#038;_nc_ht=scontent.fuio15-1.fna&#038;oh=00_AfBS-CazLameXl5zoXhMAA-6OGz2YFx80RoNA1HAN7aMAA&#038;oe=63BF644E\"><img decoding=\"async\" class=\"wp_automatic_fb_img\" title=\"\" src=\"https:\/\/scontent.fuio15-1.fna.fbcdn.net\/v\/t39.30808-6\/274943711_2145975642224629_7198357052945960505_n.jpg?_nc_cat=104&#038;ccb=1-7&#038;_nc_sid=8bfeb9&#038;_nc_ohc=WCZn_lWsbu8AX_uKn8W&#038;_nc_ht=scontent.fuio15-1.fna&#038;oh=00_AfBS-CazLameXl5zoXhMAA-6OGz2YFx80RoNA1HAN7aMAA&#038;oe=63BF644E\" \/><\/a><\/p>\n","protected":false},"author":1,"featured_media":3257,"comment_status":"open","ping_status":"open","sticky":false,"template":"","format":"standard","meta":[],"categories":[1],"tags":[123,32,722,131,494,276,595,41],"_links":{"self":[{"href":"https:\/\/bomberos.puyo.gob.ec\/2019\/wp-json\/wp\/v2\/posts\/3256"}],"collection":[{"href":"https:\/\/bomberos.puyo.gob.ec\/2019\/wp-json\/wp\/v2\/posts"}],"about":[{"href":"https:\/\/bomberos.puyo.gob.ec\/2019\/wp-json\/wp\/v2\/types\/post"}],"author":[{"embeddable":true,"href":"https:\/\/bomberos.puyo.gob.ec\/2019\/wp-json\/wp\/v2\/users\/1"}],"replies":[{"embeddable":true,"href":"https:\/\/bomberos.puyo.gob.ec\/2019\/wp-json\/wp\/v2\/comments?post=3256"}],"version-history":[{"count":1,"href":"https:\/\/bomberos.puyo.gob.ec\/2019\/wp-json\/wp\/v2\/posts\/3256\/revisions"}],"predecessor-version":[{"id":3258,"href":"https:\/\/bomberos.puyo.gob.ec\/2019\/wp-json\/wp\/v2\/posts\/3256\/revisions\/3258"}],"wp:featuredmedia":[{"embeddable":true,"href":"https:\/\/bomberos.puyo.gob.ec\/2019\/wp-json\/wp\/v2\/media\/3257"}],"wp:attachment":[{"href":"https:\/\/bomberos.puyo.gob.ec\/2019\/wp-json\/wp\/v2\/media?parent=3256"}],"wp:term":[{"taxonomy":"category","embeddable":true,"href":"https:\/\/bomberos.puyo.gob.ec\/2019\/wp-json\/wp\/v2\/categories?post=3256"},{"taxonomy":"post_tag","embeddable":true,"href":"https:\/\/bomberos.puyo.gob.ec\/2019\/wp-json\/wp\/v2\/tags?post=3256"}],"curies":[{"name":"wp","href":"https:\/\/api.w.org\/{rel}","templated":true}]}}