{"id":3251,"date":"2022-03-01T14:20:12","date_gmt":"2022-03-01T19:20:12","guid":{"rendered":"https:\/\/bomberos.puyo.gob.ec\/emergencia-medica-69\/"},"modified":"2023-01-07T12:43:26","modified_gmt":"2023-01-07T17:43:26","slug":"emergencia-medica-69","status":"publish","type":"post","link":"https:\/\/bomberos.puyo.gob.ec\/2019\/emergencia-medica-69\/","title":{"rendered":"|EMERGENCIA M\u00c9DICA|&#8230;"},"content":{"rendered":"<p>|EMERGENCIA M\u00c9DICA|<\/p>\n<p>\ud83d\ude91. Nuestra unidad de APH A5 asiste a una emergencia m\u00e9dica en la comunidad Llandia kil\u00f3metro 18 v\u00eda al Tena, en el lugar se atiende a un paciente de sexo masculino de 33 a\u00f1os de edad, mismo que presenta una herida cortocundunte en la regi\u00f3n frontal producto de agresion f\u00edsica por un objeto desconocido m\u00e1s efecto secundario al alcohol. <\/p>\n<p>\ud83c\udfe5  Es estabilizado y tratado en el lugar para posteriormente transportarlo al Hospital General Puyo.<\/p>\n<p><a href=\"https:\/\/bomberos.puyo.gob.ec\/2019\/wp-content\/uploads\/1673113405_462_EMERGENCIA-MEDICA.jpg\"><img decoding=\"async\" class=\"wp_automatic_fb_img\" title=\"\" src=\"https:\/\/bomberos.puyo.gob.ec\/2019\/wp-content\/uploads\/1673113405_462_EMERGENCIA-MEDICA.jpg\" \/><\/a><br \/>\n<br \/><a href=\"https:\/\/www.facebook.com\/465093860312824\/posts\/2146808128808047\">en facebook&#8230; <\/a>  <\/p>\n","protected":false},"excerpt":{"rendered":"<p>|EMERGENCIA M\u00c9DICA|<\/p>\n<p>\ud83d\ude91. Nuestra unidad de APH A5 asiste a una emergencia m\u00e9dica en la comunidad Llandia kil\u00f3metro 18 v\u00eda al Tena, en el lugar se atiende a un paciente de sexo masculino de 33 a\u00f1os de edad, mismo que presenta una herida cortocundunte en la regi\u00f3n frontal producto de agresion f\u00edsica por un objeto desconocido m\u00e1s efecto secundario al alcohol. <\/p>\n<p>\ud83c\udfe5  Es estabilizado y tratado en el lugar para posteriormente transportarlo al Hospital General Puyo.<\/p>\n<p><a href=\"https:\/\/scontent.fuio15-1.fna.fbcdn.net\/v\/t39.30808-6\/275000768_2146808105474716_8491107474612451503_n.jpg?stp=dst-jpg_s720x720&#038;_nc_cat=108&#038;ccb=1-7&#038;_nc_sid=8bfeb9&#038;_nc_ohc=-q62RHE8JNUAX_V9BUm&#038;_nc_ht=scontent.fuio15-1.fna&#038;oh=00_AfDwIv6KOeWQrvZ7__6yS09DgIBfz_Rn274XVtDpXscISA&#038;oe=63BE5F2E\"><img decoding=\"async\" class=\"wp_automatic_fb_img\" title=\"\" src=\"https:\/\/scontent.fuio15-1.fna.fbcdn.net\/v\/t39.30808-6\/275000768_2146808105474716_8491107474612451503_n.jpg?stp=dst-jpg_s720x720&#038;_nc_cat=108&#038;ccb=1-7&#038;_nc_sid=8bfeb9&#038;_nc_ohc=-q62RHE8JNUAX_V9BUm&#038;_nc_ht=scontent.fuio15-1.fna&#038;oh=00_AfDwIv6KOeWQrvZ7__6yS09DgIBfz_Rn274XVtDpXscISA&#038;oe=63BE5F2E\" \/><\/a><\/p>\n","protected":false},"author":1,"featured_media":3252,"comment_status":"open","ping_status":"open","sticky":false,"template":"","format":"standard","meta":[],"categories":[1],"tags":[182,251],"_links":{"self":[{"href":"https:\/\/bomberos.puyo.gob.ec\/2019\/wp-json\/wp\/v2\/posts\/3251"}],"collection":[{"href":"https:\/\/bomberos.puyo.gob.ec\/2019\/wp-json\/wp\/v2\/posts"}],"about":[{"href":"https:\/\/bomberos.puyo.gob.ec\/2019\/wp-json\/wp\/v2\/types\/post"}],"author":[{"embeddable":true,"href":"https:\/\/bomberos.puyo.gob.ec\/2019\/wp-json\/wp\/v2\/users\/1"}],"replies":[{"embeddable":true,"href":"https:\/\/bomberos.puyo.gob.ec\/2019\/wp-json\/wp\/v2\/comments?post=3251"}],"version-history":[{"count":1,"href":"https:\/\/bomberos.puyo.gob.ec\/2019\/wp-json\/wp\/v2\/posts\/3251\/revisions"}],"predecessor-version":[{"id":3253,"href":"https:\/\/bomberos.puyo.gob.ec\/2019\/wp-json\/wp\/v2\/posts\/3251\/revisions\/3253"}],"wp:featuredmedia":[{"embeddable":true,"href":"https:\/\/bomberos.puyo.gob.ec\/2019\/wp-json\/wp\/v2\/media\/3252"}],"wp:attachment":[{"href":"https:\/\/bomberos.puyo.gob.ec\/2019\/wp-json\/wp\/v2\/media?parent=3251"}],"wp:term":[{"taxonomy":"category","embeddable":true,"href":"https:\/\/bomberos.puyo.gob.ec\/2019\/wp-json\/wp\/v2\/categories?post=3251"},{"taxonomy":"post_tag","embeddable":true,"href":"https:\/\/bomberos.puyo.gob.ec\/2019\/wp-json\/wp\/v2\/tags?post=3251"}],"curies":[{"name":"wp","href":"https:\/\/api.w.org\/{rel}","templated":true}]}}