{"id":3243,"date":"2022-03-01T21:15:23","date_gmt":"2022-03-02T02:15:23","guid":{"rendered":"https:\/\/bomberos.puyo.gob.ec\/accidente-vehicular-2\/"},"modified":"2023-01-07T08:34:05","modified_gmt":"2023-01-07T13:34:05","slug":"accidente-vehicular-2","status":"publish","type":"post","link":"https:\/\/bomberos.puyo.gob.ec\/2019\/accidente-vehicular-2\/","title":{"rendered":"|ACCIDENTE VEHICULAR|&#8230;"},"content":{"rendered":"<p>|ACCIDENTE VEHICULAR|<\/p>\n<p>\ud83d\ude91 La unidad B3 se dirige a la comunidad San Jos\u00e9 llegando al lugar se verifica un accidente de tr\u00e1nsito entre dos volquetas con impacto frontal, resultado del siniestro se encuentra  una v\u00edctima con Politraumatismos mismo que fue liberado de la carrocer\u00eda.<\/p>\n<p>\ud83c\udfe5 Se procede a la estabilizaci\u00f3n del paciente para posteriormente ser entregado a la unidad A5 de Bomberos Puyo.<\/p>\n<p>\ud83d\udc6e\u200d\u2642\ufe0f Dejando el lugar en condiciones seguras y a cargo de Polic\u00eda Nacional.<\/p>\n<p><a href=\"https:\/\/bomberos.puyo.gob.ec\/2019\/wp-content\/uploads\/1673098442_401_ACCIDENTE-VEHICULAR.jpg\"><img decoding=\"async\" class=\"wp_automatic_fb_img\" title=\"\" src=\"https:\/\/bomberos.puyo.gob.ec\/2019\/wp-content\/uploads\/1673098442_401_ACCIDENTE-VEHICULAR.jpg\" \/><\/a><br \/><a href=\"https:\/\/bomberos.puyo.gob.ec\/2019\/wp-content\/uploads\/1673098443_39_ACCIDENTE-VEHICULAR.jpg\"><img decoding=\"async\" class=\"wp_automatic_fb_img\" title=\"\" src=\"https:\/\/bomberos.puyo.gob.ec\/2019\/wp-content\/uploads\/1673098443_39_ACCIDENTE-VEHICULAR.jpg\" \/><\/a><br \/><a href=\"https:\/\/bomberos.puyo.gob.ec\/2019\/wp-content\/uploads\/1673098443_232_ACCIDENTE-VEHICULAR.jpg\"><img decoding=\"async\" class=\"wp_automatic_fb_img\" title=\"\" src=\"https:\/\/bomberos.puyo.gob.ec\/2019\/wp-content\/uploads\/1673098443_232_ACCIDENTE-VEHICULAR.jpg\" \/><\/a><br \/>\n<br \/><a href=\"https:\/\/www.facebook.com\/465093860312824\/posts\/2147035188785341\">en facebook&#8230; <\/a>  <\/p>\n","protected":false},"excerpt":{"rendered":"<p>|ACCIDENTE VEHICULAR|<\/p>\n<p>\ud83d\ude91 La unidad B3 se dirige a la comunidad San Jos\u00e9 llegando al lugar se verifica un accidente de tr\u00e1nsito entre dos volquetas con impacto frontal, resultado del siniestro se encuentra  una v\u00edctima con Politraumatismos mismo que fue liberado de la carrocer\u00eda.<\/p>\n<p>\ud83c\udfe5 Se procede a la estabilizaci\u00f3n del paciente para posteriormente ser entregado a la unidad A5 de Bomberos Puyo.<\/p>\n<p>\ud83d\udc6e\u200d\u2642\ufe0f Dejando el lugar en condiciones seguras y a cargo de Polic\u00eda Nacional.<\/p>\n<p><a href=\"https:\/\/scontent.fuio15-1.fna.fbcdn.net\/v\/t39.30808-6\/274947348_2147035122118681_7258419430706756141_n.jpg?_nc_cat=109&#038;ccb=1-7&#038;_nc_sid=8bfeb9&#038;_nc_ohc=cNCDCfuEnI0AX_vWGF0&#038;_nc_ht=scontent.fuio15-1.fna&#038;oh=00_AfDUW5DuPzI8A2FkRjO_pXIhP8UnqH_YfPgYXk0zgBPE5A&#038;oe=63BF1741\"><img decoding=\"async\" class=\"wp_automatic_fb_img\" title=\"\" src=\"https:\/\/scontent.fuio15-1.fna.fbcdn.net\/v\/t39.30808-6\/274947348_2147035122118681_7258419430706756141_n.jpg?_nc_cat=109&#038;ccb=1-7&#038;_nc_sid=8bfeb9&#038;_nc_ohc=cNCDCfuEnI0AX_vWGF0&#038;_nc_ht=scontent.fuio15-1.fna&#038;oh=00_AfDUW5DuPzI8A2FkRjO_pXIhP8UnqH_YfPgYXk0zgBPE5A&#038;oe=63BF1741\" \/><\/a><br \/><a href=\"https:\/\/scontent.fuio15-1.fna.fbcdn.net\/v\/t39.30808-6\/274999796_2147035125452014_3992387560538490413_n.jpg?_nc_cat=110&#038;ccb=1-7&#038;_nc_sid=8bfeb9&#038;_nc_ohc=MzDbwJ130vgAX_oLu2m&#038;_nc_ht=scontent.fuio15-1.fna&#038;oh=00_AfB6gh_2WDj721yiigu2nESvQJFSvkcfC4exy0KtobhFew&#038;oe=63BE9914\"><img decoding=\"async\" class=\"wp_automatic_fb_img\" title=\"\" src=\"https:\/\/scontent.fuio15-1.fna.fbcdn.net\/v\/t39.30808-6\/274999796_2147035125452014_3992387560538490413_n.jpg?_nc_cat=110&#038;ccb=1-7&#038;_nc_sid=8bfeb9&#038;_nc_ohc=MzDbwJ130vgAX_oLu2m&#038;_nc_ht=scontent.fuio15-1.fna&#038;oh=00_AfB6gh_2WDj721yiigu2nESvQJFSvkcfC4exy0KtobhFew&#038;oe=63BE9914\" \/><\/a><br \/><a href=\"https:\/\/scontent.fuio15-1.fna.fbcdn.net\/v\/t39.30808-6\/274949378_2147035152118678_8878835130104730106_n.jpg?_nc_cat=107&#038;ccb=1-7&#038;_nc_sid=8bfeb9&#038;_nc_ohc=0qITHQEFd0UAX-o1nxn&#038;_nc_ht=scontent.fuio15-1.fna&#038;oh=00_AfC0PxzZL0UaOdbpe2u6VwI0r59kfa58p_4dLA6wk2Ucgg&#038;oe=63BEF0DE\"><img decoding=\"async\" class=\"wp_automatic_fb_img\" title=\"\" src=\"https:\/\/scontent.fuio15-1.fna.fbcdn.net\/v\/t39.30808-6\/274949378_2147035152118678_8878835130104730106_n.jpg?_nc_cat=107&#038;ccb=1-7&#038;_nc_sid=8bfeb9&#038;_nc_ohc=0qITHQEFd0UAX-o1nxn&#038;_nc_ht=scontent.fuio15-1.fna&#038;oh=00_AfC0PxzZL0UaOdbpe2u6VwI0r59kfa58p_4dLA6wk2Ucgg&#038;oe=63BEF0DE\" \/><\/a><\/p>\n","protected":false},"author":1,"featured_media":3244,"comment_status":"open","ping_status":"open","sticky":false,"template":"","format":"standard","meta":[],"categories":[1],"tags":[27,605],"_links":{"self":[{"href":"https:\/\/bomberos.puyo.gob.ec\/2019\/wp-json\/wp\/v2\/posts\/3243"}],"collection":[{"href":"https:\/\/bomberos.puyo.gob.ec\/2019\/wp-json\/wp\/v2\/posts"}],"about":[{"href":"https:\/\/bomberos.puyo.gob.ec\/2019\/wp-json\/wp\/v2\/types\/post"}],"author":[{"embeddable":true,"href":"https:\/\/bomberos.puyo.gob.ec\/2019\/wp-json\/wp\/v2\/users\/1"}],"replies":[{"embeddable":true,"href":"https:\/\/bomberos.puyo.gob.ec\/2019\/wp-json\/wp\/v2\/comments?post=3243"}],"version-history":[{"count":1,"href":"https:\/\/bomberos.puyo.gob.ec\/2019\/wp-json\/wp\/v2\/posts\/3243\/revisions"}],"predecessor-version":[{"id":3245,"href":"https:\/\/bomberos.puyo.gob.ec\/2019\/wp-json\/wp\/v2\/posts\/3243\/revisions\/3245"}],"wp:featuredmedia":[{"embeddable":true,"href":"https:\/\/bomberos.puyo.gob.ec\/2019\/wp-json\/wp\/v2\/media\/3244"}],"wp:attachment":[{"href":"https:\/\/bomberos.puyo.gob.ec\/2019\/wp-json\/wp\/v2\/media?parent=3243"}],"wp:term":[{"taxonomy":"category","embeddable":true,"href":"https:\/\/bomberos.puyo.gob.ec\/2019\/wp-json\/wp\/v2\/categories?post=3243"},{"taxonomy":"post_tag","embeddable":true,"href":"https:\/\/bomberos.puyo.gob.ec\/2019\/wp-json\/wp\/v2\/tags?post=3243"}],"curies":[{"name":"wp","href":"https:\/\/api.w.org\/{rel}","templated":true}]}}