{"id":3237,"date":"2022-03-02T08:41:58","date_gmt":"2022-03-02T13:41:58","guid":{"rendered":"https:\/\/bomberos.puyo.gob.ec\/emergencia-medica-la-unidad-a3-se-dirigio-al-barrio-la-merced-en-el-lugar\/"},"modified":"2023-01-07T06:28:00","modified_gmt":"2023-01-07T11:28:00","slug":"emergencia-medica-la-unidad-a3-se-dirigio-al-barrio-la-merced-en-el-lugar","status":"publish","type":"post","link":"https:\/\/bomberos.puyo.gob.ec\/2019\/emergencia-medica-la-unidad-a3-se-dirigio-al-barrio-la-merced-en-el-lugar\/","title":{"rendered":"|EMERGENCIA MEDICA|\n La unidad A3 se dirigi\u00f3 al Barrio la Merced  en el lugar &#8230;"},"content":{"rendered":"<div><span><\/p>\n<p>|EMERGENCIA MEDICA|<\/p>\n<p> La unidad A3 se dirigi\u00f3 al Barrio la Merced  en el lugar se atiende a un paciente de nombre: M. A. Q. de 26 a\u00f1os de edad, mismo que presenta una herida abrasiva en el brazo derecho, producto de una ca\u00edda de una moto, luego de la respectiva valoraci\u00f3n es atendido en el lugar quedando a cargo de sus familiares.<\/p>\n<p><\/span><\/div>\n<p><a href=\"https:\/\/facebook.com\/story.php?story_fbid=pfbid02XkhTYSnR2Wp3hZs6LsVRKoGCG5A95UhpEfMohMBH1CBsQagMvfvvyk9wxBQb2Teul&amp;id=465093860312824&amp;eav=AfYaSvHmGVC5ZS9MPzJ3DtueX_iQv0gXC9-yhptj3etOJlo7OL715OOTx445FmcFQvM&amp;viewer=465093860312824&amp;m_entstream_source=timeline&amp;__tn__=%2As%2As-R&amp;paipv=1\" aria-label=\"Abrir historia\" class=\"_5msj\"><\/a><\/p>\n<p><a href=\"https:\/\/bomberos.puyo.gob.ec\/2019\/wp-content\/uploads\/EMERGENCIA-MEDICA-La-unidad-A3-se-dirigio-al-Barrio-la.jpg\"><img decoding=\"async\" class=\"wp_automatic_fb_img\" title=\"\" src=\"https:\/\/bomberos.puyo.gob.ec\/2019\/wp-content\/uploads\/EMERGENCIA-MEDICA-La-unidad-A3-se-dirigio-al-Barrio-la.jpg\" \/><\/a><br \/>\n<br \/><a href=\"https:\/\/www.facebook.com\/465093860312824\/posts\/2147397595415767\">en facebook&#8230; <\/a>  <\/p>\n","protected":false},"excerpt":{"rendered":"<div><span><\/p>\n<p>|EMERGENCIA MEDICA|<\/p>\n<p> La unidad A3 se dirigi\u00f3 al Barrio la Merced  en el lugar se atiende a un paciente de nombre: M. A. Q. de 26 a\u00f1os de edad, mismo que presenta una herida abrasiva en el brazo derecho, producto de una ca\u00edda de una moto, luego de la respectiva valoraci\u00f3n es atendido en el lugar quedando a cargo de sus familiares.<\/p>\n<p><\/span><\/div>\n<p><a href=\"https:\/\/facebook.com\/story.php?story_fbid=pfbid02XkhTYSnR2Wp3hZs6LsVRKoGCG5A95UhpEfMohMBH1CBsQagMvfvvyk9wxBQb2Teul&amp;id=465093860312824&amp;eav=AfYaSvHmGVC5ZS9MPzJ3DtueX_iQv0gXC9-yhptj3etOJlo7OL715OOTx445FmcFQvM&amp;viewer=465093860312824&amp;m_entstream_source=timeline&amp;__tn__=%2As%2As-R&amp;paipv=1\" aria-label=\"Abrir historia\" class=\"_5msj\"><\/a><\/p>\n<p><a href=\"https:\/\/scontent.fuio15-1.fna.fbcdn.net\/v\/t39.30808-6\/274985933_2147397568749103_1006622262214967720_n.jpg?stp=dst-jpg_s720x720&#038;_nc_cat=100&#038;ccb=1-7&#038;_nc_sid=8bfeb9&#038;_nc_ohc=6h6YNgntyAIAX_QYdeL&#038;_nc_ht=scontent.fuio15-1.fna&#038;oh=00_AfBRnsutpnI6Ubyg7VthSDYQxXCqhBJU84SD80UWNhsXPA&#038;oe=63BDF57B\"><img decoding=\"async\" class=\"wp_automatic_fb_img\" title=\"\" src=\"https:\/\/scontent.fuio15-1.fna.fbcdn.net\/v\/t39.30808-6\/274985933_2147397568749103_1006622262214967720_n.jpg?stp=dst-jpg_s720x720&#038;_nc_cat=100&#038;ccb=1-7&#038;_nc_sid=8bfeb9&#038;_nc_ohc=6h6YNgntyAIAX_QYdeL&#038;_nc_ht=scontent.fuio15-1.fna&#038;oh=00_AfBRnsutpnI6Ubyg7VthSDYQxXCqhBJU84SD80UWNhsXPA&#038;oe=63BDF57B\" \/><\/a><\/p>\n","protected":false},"author":1,"featured_media":3238,"comment_status":"open","ping_status":"open","sticky":false,"template":"","format":"standard","meta":[],"categories":[1],"tags":[408,722,182,949,251,761,41],"_links":{"self":[{"href":"https:\/\/bomberos.puyo.gob.ec\/2019\/wp-json\/wp\/v2\/posts\/3237"}],"collection":[{"href":"https:\/\/bomberos.puyo.gob.ec\/2019\/wp-json\/wp\/v2\/posts"}],"about":[{"href":"https:\/\/bomberos.puyo.gob.ec\/2019\/wp-json\/wp\/v2\/types\/post"}],"author":[{"embeddable":true,"href":"https:\/\/bomberos.puyo.gob.ec\/2019\/wp-json\/wp\/v2\/users\/1"}],"replies":[{"embeddable":true,"href":"https:\/\/bomberos.puyo.gob.ec\/2019\/wp-json\/wp\/v2\/comments?post=3237"}],"version-history":[{"count":1,"href":"https:\/\/bomberos.puyo.gob.ec\/2019\/wp-json\/wp\/v2\/posts\/3237\/revisions"}],"predecessor-version":[{"id":3239,"href":"https:\/\/bomberos.puyo.gob.ec\/2019\/wp-json\/wp\/v2\/posts\/3237\/revisions\/3239"}],"wp:featuredmedia":[{"embeddable":true,"href":"https:\/\/bomberos.puyo.gob.ec\/2019\/wp-json\/wp\/v2\/media\/3238"}],"wp:attachment":[{"href":"https:\/\/bomberos.puyo.gob.ec\/2019\/wp-json\/wp\/v2\/media?parent=3237"}],"wp:term":[{"taxonomy":"category","embeddable":true,"href":"https:\/\/bomberos.puyo.gob.ec\/2019\/wp-json\/wp\/v2\/categories?post=3237"},{"taxonomy":"post_tag","embeddable":true,"href":"https:\/\/bomberos.puyo.gob.ec\/2019\/wp-json\/wp\/v2\/tags?post=3237"}],"curies":[{"name":"wp","href":"https:\/\/api.w.org\/{rel}","templated":true}]}}