{"id":3225,"date":"2022-03-09T08:13:29","date_gmt":"2022-03-09T13:13:29","guid":{"rendered":"https:\/\/bomberos.puyo.gob.ec\/emergencia-medica-la-unidad-a5-se-dirigio-via-macas-sector-el-canaveral-en\/"},"modified":"2023-01-07T01:06:32","modified_gmt":"2023-01-07T06:06:32","slug":"emergencia-medica-la-unidad-a5-se-dirigio-via-macas-sector-el-canaveral-en","status":"publish","type":"post","link":"https:\/\/bomberos.puyo.gob.ec\/2019\/emergencia-medica-la-unidad-a5-se-dirigio-via-macas-sector-el-canaveral-en\/","title":{"rendered":"|EMERGENCIA M\u00c9DICA|\n La unidad A5 se dirigi\u00f3 v\u00eda Macas sector El Ca\u00f1averal, en&#8230;"},"content":{"rendered":"<div><span><\/p>\n<p>|EMERGENCIA M\u00c9DICA|<\/p>\n<p> La unidad A5 se dirigi\u00f3 v\u00eda Macas sector El Ca\u00f1averal, en el lugar se atiende a un paciente de nombre: J. M. de 22 a\u00f1os de edad, qui\u00e9n presenta Politraumatismos, es trasladado al Hospital General Puyo, quedando a cargo del m\u00e9dico de turno.<\/p>\n<p><\/span><\/div>\n<p><a href=\"https:\/\/facebook.com\/story.php?story_fbid=pfbid0eKQU2w3pvAgptEbbAFsnf7Vzmpdv6RSaF4dEpTWjD4M35qw6nmsHE2fSc1bbFjCal&amp;id=465093860312824&amp;eav=AfZsatcasgNzgQhOgNnXPFlOuGbKOx_8fztMu8qeo95hD19Ne_wuYWwd6kwNSwiDYcs&amp;viewer=465093860312824&amp;m_entstream_source=timeline&amp;__tn__=%2As%2As-R&amp;paipv=1\" aria-label=\"Abrir historia\" class=\"_5msj\"><\/a><\/p>\n<p><a href=\"https:\/\/bomberos.puyo.gob.ec\/2019\/wp-content\/uploads\/EMERGENCIA-MEDICA-La-unidad-A5-se-dirigio-via-Macas-sector.jpg\"><img decoding=\"async\" class=\"wp_automatic_fb_img\" title=\"\" src=\"https:\/\/bomberos.puyo.gob.ec\/2019\/wp-content\/uploads\/EMERGENCIA-MEDICA-La-unidad-A5-se-dirigio-via-Macas-sector.jpg\" \/><\/a><br \/>\n<br \/><a href=\"https:\/\/www.facebook.com\/465093860312824\/posts\/2152641011558092\">en facebook&#8230; <\/a>  <\/p>\n","protected":false},"excerpt":{"rendered":"<div><span><\/p>\n<p>|EMERGENCIA M\u00c9DICA|<\/p>\n<p> La unidad A5 se dirigi\u00f3 v\u00eda Macas sector El Ca\u00f1averal, en el lugar se atiende a un paciente de nombre: J. M. de 22 a\u00f1os de edad, qui\u00e9n presenta Politraumatismos, es trasladado al Hospital General Puyo, quedando a cargo del m\u00e9dico de turno.<\/p>\n<p><\/span><\/div>\n<p><a href=\"https:\/\/facebook.com\/story.php?story_fbid=pfbid0eKQU2w3pvAgptEbbAFsnf7Vzmpdv6RSaF4dEpTWjD4M35qw6nmsHE2fSc1bbFjCal&amp;id=465093860312824&amp;eav=AfZsatcasgNzgQhOgNnXPFlOuGbKOx_8fztMu8qeo95hD19Ne_wuYWwd6kwNSwiDYcs&amp;viewer=465093860312824&amp;m_entstream_source=timeline&amp;__tn__=%2As%2As-R&amp;paipv=1\" aria-label=\"Abrir historia\" class=\"_5msj\"><\/a><\/p>\n<p><a href=\"https:\/\/scontent.fuio15-1.fna.fbcdn.net\/v\/t39.30808-6\/275438525_2152640974891429_9136127612443869785_n.jpg?stp=dst-jpg_s720x720&#038;_nc_cat=109&#038;ccb=1-7&#038;_nc_sid=8bfeb9&#038;_nc_eui2=AeEJQyWNXH2-0v_CBv351GQbKfH8TlYy9mMp8fxOVjL2YyG8SnlrmMO7EF8Us5GhqxePIG21R0G3xjLSJ42QX2sz&#038;_nc_ohc=xwb7WjNYD-wAX-ZXr0Q&#038;_nc_ht=scontent.fuio15-1.fna&#038;oh=00_AfCIuWMZOg5o2-eahZbWNYkeyvwLhr17bMN-hUzeR0Jtzw&#038;oe=63BE0AFD\"><img decoding=\"async\" class=\"wp_automatic_fb_img\" title=\"\" src=\"https:\/\/scontent.fuio15-1.fna.fbcdn.net\/v\/t39.30808-6\/275438525_2152640974891429_9136127612443869785_n.jpg?stp=dst-jpg_s720x720&#038;_nc_cat=109&#038;ccb=1-7&#038;_nc_sid=8bfeb9&#038;_nc_eui2=AeEJQyWNXH2-0v_CBv351GQbKfH8TlYy9mMp8fxOVjL2YyG8SnlrmMO7EF8Us5GhqxePIG21R0G3xjLSJ42QX2sz&#038;_nc_ohc=xwb7WjNYD-wAX-ZXr0Q&#038;_nc_ht=scontent.fuio15-1.fna&#038;oh=00_AfCIuWMZOg5o2-eahZbWNYkeyvwLhr17bMN-hUzeR0Jtzw&#038;oe=63BE0AFD\" \/><\/a><\/p>\n","protected":false},"author":1,"featured_media":3226,"comment_status":"open","ping_status":"open","sticky":false,"template":"","format":"standard","meta":[],"categories":[1],"tags":[1075,722,182,1076,610,251,276,41,609],"_links":{"self":[{"href":"https:\/\/bomberos.puyo.gob.ec\/2019\/wp-json\/wp\/v2\/posts\/3225"}],"collection":[{"href":"https:\/\/bomberos.puyo.gob.ec\/2019\/wp-json\/wp\/v2\/posts"}],"about":[{"href":"https:\/\/bomberos.puyo.gob.ec\/2019\/wp-json\/wp\/v2\/types\/post"}],"author":[{"embeddable":true,"href":"https:\/\/bomberos.puyo.gob.ec\/2019\/wp-json\/wp\/v2\/users\/1"}],"replies":[{"embeddable":true,"href":"https:\/\/bomberos.puyo.gob.ec\/2019\/wp-json\/wp\/v2\/comments?post=3225"}],"version-history":[{"count":1,"href":"https:\/\/bomberos.puyo.gob.ec\/2019\/wp-json\/wp\/v2\/posts\/3225\/revisions"}],"predecessor-version":[{"id":3227,"href":"https:\/\/bomberos.puyo.gob.ec\/2019\/wp-json\/wp\/v2\/posts\/3225\/revisions\/3227"}],"wp:featuredmedia":[{"embeddable":true,"href":"https:\/\/bomberos.puyo.gob.ec\/2019\/wp-json\/wp\/v2\/media\/3226"}],"wp:attachment":[{"href":"https:\/\/bomberos.puyo.gob.ec\/2019\/wp-json\/wp\/v2\/media?parent=3225"}],"wp:term":[{"taxonomy":"category","embeddable":true,"href":"https:\/\/bomberos.puyo.gob.ec\/2019\/wp-json\/wp\/v2\/categories?post=3225"},{"taxonomy":"post_tag","embeddable":true,"href":"https:\/\/bomberos.puyo.gob.ec\/2019\/wp-json\/wp\/v2\/tags?post=3225"}],"curies":[{"name":"wp","href":"https:\/\/api.w.org\/{rel}","templated":true}]}}