{"id":3223,"date":"2022-03-09T17:56:42","date_gmt":"2022-03-09T22:56:42","guid":{"rendered":"https:\/\/bomberos.puyo.gob.ec\/emergencia-medica-por-llamado-del-ecu911-la-unidad-a3-se-dirigio-a-la-com\/"},"modified":"2023-01-06T22:52:57","modified_gmt":"2023-01-07T03:52:57","slug":"emergencia-medica-por-llamado-del-ecu911-la-unidad-a3-se-dirigio-a-la-com","status":"publish","type":"post","link":"https:\/\/bomberos.puyo.gob.ec\/2019\/emergencia-medica-por-llamado-del-ecu911-la-unidad-a3-se-dirigio-a-la-com\/","title":{"rendered":"|EMERGENCIA M\u00c9DICA|\n  Por llamado del #Ecu911 la unidad A3 se dirigi\u00f3 a la com&#8230;"},"content":{"rendered":"<p>|EMERGENCIA M\u00c9DICA|<br \/>\n \ud83d\ude91\ud83d\udea8 Por llamado del <a class=\"_5ayv _qdx\" href=\"https:\/\/facebook.com\/hashtag\/ecu911?__tn__=%2As-R&amp;paipv=1&amp;eav=AfYyhKf4EVtacNjuIiZ4iFdMdQW9qSnCZpL2P3KRBNricEnUO57lm48QijN4SP7LxZ8\">#Ecu911<\/a> la unidad A3 se dirigi\u00f3 a la comunidad de Putuimi a dar soporte a la unidad A1 Shell, en el lugar se atendi\u00f3 a un paciente de nombre: F. V. producto de un accidente de tr\u00e1nsito, es trasladado al Hospital General Puyo.<\/p>\n<p><a href=\"https:\/\/facebook.com\/story.php?story_fbid=pfbid02ALYNeq9c5GkwYa3EFRLqgjEMbH8EJU1dYpgKnZ2UmgyCYGggGWCheoecyFNBnqyil&amp;id=465093860312824&amp;eav=AfaPRluBCZFIZVreC0fe9BhOYIFy71i7tQlIlbMHyQAn7nfGB3jjOvTv8ZMm2p5aJg4&amp;viewer=465093860312824&amp;m_entstream_source=timeline&amp;__tn__=%2As%2As-R&amp;paipv=1\" aria-label=\"Abrir historia\" class=\"_5msj\"><\/a><\/p>\n<p><a href=\"https:\/\/bomberos.puyo.gob.ec\/2019\/wp-content\/uploads\/EMERGENCIA-MEDICA-Por-llamado-del-Ecu911-la-unidad-A3-se.jpg\"><img decoding=\"async\" class=\"wp_automatic_fb_img\" title=\"\" src=\"https:\/\/bomberos.puyo.gob.ec\/2019\/wp-content\/uploads\/EMERGENCIA-MEDICA-Por-llamado-del-Ecu911-la-unidad-A3-se.jpg\" \/><\/a><br \/>\n<br \/><a href=\"https:\/\/www.facebook.com\/465093860312824\/posts\/2152952814860245\">en facebook&#8230; <\/a>  <\/p>\n","protected":false},"excerpt":{"rendered":"<p>|EMERGENCIA M\u00c9DICA|<br \/>\n \ud83d\ude91\ud83d\udea8 Por llamado del <a class=\"_5ayv _qdx\" href=\"https:\/\/facebook.com\/hashtag\/ecu911?__tn__=%2As-R&amp;paipv=1&amp;eav=AfYyhKf4EVtacNjuIiZ4iFdMdQW9qSnCZpL2P3KRBNricEnUO57lm48QijN4SP7LxZ8\">#Ecu911<\/a> la unidad A3 se dirigi\u00f3 a la comunidad de Putuimi a dar soporte a la unidad A1 Shell, en el lugar se atendi\u00f3 a un paciente de nombre: F. V. producto de un accidente de tr\u00e1nsito, es trasladado al Hospital General Puyo.<\/p>\n<p><a href=\"https:\/\/facebook.com\/story.php?story_fbid=pfbid02ALYNeq9c5GkwYa3EFRLqgjEMbH8EJU1dYpgKnZ2UmgyCYGggGWCheoecyFNBnqyil&amp;id=465093860312824&amp;eav=AfaPRluBCZFIZVreC0fe9BhOYIFy71i7tQlIlbMHyQAn7nfGB3jjOvTv8ZMm2p5aJg4&amp;viewer=465093860312824&amp;m_entstream_source=timeline&amp;__tn__=%2As%2As-R&amp;paipv=1\" aria-label=\"Abrir historia\" class=\"_5msj\"><\/a><\/p>\n<p><a href=\"https:\/\/scontent.fuio15-1.fna.fbcdn.net\/v\/t39.30808-6\/275433026_2152952791526914_864252035664324787_n.jpg?stp=dst-jpg_s720x720&#038;_nc_cat=100&#038;ccb=1-7&#038;_nc_sid=8bfeb9&#038;_nc_eui2=AeG6YqeBNR2w64Bz6210h5A2Mqe2xyz_xQMyp7bHLP_FA_OyNvm30iz7GttoGBoz-FhOqxC_OEqauwznnFqemP1x&#038;_nc_ohc=llonx-8Ke_IAX8xFsld&#038;_nc_ht=scontent.fuio15-1.fna&#038;oh=00_AfD2jlTk6gDrJurO0gdfAuabacScYtNJ8HlQgPD8gxdTgA&#038;oe=63BE7405\"><img decoding=\"async\" class=\"wp_automatic_fb_img\" title=\"\" src=\"https:\/\/scontent.fuio15-1.fna.fbcdn.net\/v\/t39.30808-6\/275433026_2152952791526914_864252035664324787_n.jpg?stp=dst-jpg_s720x720&#038;_nc_cat=100&#038;ccb=1-7&#038;_nc_sid=8bfeb9&#038;_nc_eui2=AeG6YqeBNR2w64Bz6210h5A2Mqe2xyz_xQMyp7bHLP_FA_OyNvm30iz7GttoGBoz-FhOqxC_OEqauwznnFqemP1x&#038;_nc_ohc=llonx-8Ke_IAX8xFsld&#038;_nc_ht=scontent.fuio15-1.fna&#038;oh=00_AfD2jlTk6gDrJurO0gdfAuabacScYtNJ8HlQgPD8gxdTgA&#038;oe=63BE7405\" \/><\/a><\/p>\n","protected":false},"author":1,"featured_media":1879,"comment_status":"open","ping_status":"open","sticky":false,"template":"","format":"standard","meta":[],"categories":[1],"tags":[1074,32,722,69,182,31,251,30,41],"_links":{"self":[{"href":"https:\/\/bomberos.puyo.gob.ec\/2019\/wp-json\/wp\/v2\/posts\/3223"}],"collection":[{"href":"https:\/\/bomberos.puyo.gob.ec\/2019\/wp-json\/wp\/v2\/posts"}],"about":[{"href":"https:\/\/bomberos.puyo.gob.ec\/2019\/wp-json\/wp\/v2\/types\/post"}],"author":[{"embeddable":true,"href":"https:\/\/bomberos.puyo.gob.ec\/2019\/wp-json\/wp\/v2\/users\/1"}],"replies":[{"embeddable":true,"href":"https:\/\/bomberos.puyo.gob.ec\/2019\/wp-json\/wp\/v2\/comments?post=3223"}],"version-history":[{"count":1,"href":"https:\/\/bomberos.puyo.gob.ec\/2019\/wp-json\/wp\/v2\/posts\/3223\/revisions"}],"predecessor-version":[{"id":3224,"href":"https:\/\/bomberos.puyo.gob.ec\/2019\/wp-json\/wp\/v2\/posts\/3223\/revisions\/3224"}],"wp:featuredmedia":[{"embeddable":true,"href":"https:\/\/bomberos.puyo.gob.ec\/2019\/wp-json\/wp\/v2\/media\/1879"}],"wp:attachment":[{"href":"https:\/\/bomberos.puyo.gob.ec\/2019\/wp-json\/wp\/v2\/media?parent=3223"}],"wp:term":[{"taxonomy":"category","embeddable":true,"href":"https:\/\/bomberos.puyo.gob.ec\/2019\/wp-json\/wp\/v2\/categories?post=3223"},{"taxonomy":"post_tag","embeddable":true,"href":"https:\/\/bomberos.puyo.gob.ec\/2019\/wp-json\/wp\/v2\/tags?post=3223"}],"curies":[{"name":"wp","href":"https:\/\/api.w.org\/{rel}","templated":true}]}}