{"id":3217,"date":"2022-03-10T20:56:11","date_gmt":"2022-03-11T01:56:11","guid":{"rendered":"https:\/\/bomberos.puyo.gob.ec\/aspirantes-a-bomberos\/"},"modified":"2023-01-06T20:48:19","modified_gmt":"2023-01-07T01:48:19","slug":"aspirantes-a-bomberos","status":"publish","type":"post","link":"https:\/\/bomberos.puyo.gob.ec\/2019\/aspirantes-a-bomberos\/","title":{"rendered":"|ASPIRANTES A BOMBEROS&#8230;"},"content":{"rendered":"<p>|ASPIRANTES A BOMBEROS<br \/>\nVOLUNTARIOS III PROMOCI\u00d3N PERIODO ABRIL &#8211; MAYO 2022|<\/p>\n<p>El Cuerpo de Bomberos Municipal del Cant\u00f3n Pastaza invita a la ciudadan\u00eda a ser parte de esta noble instituci\u00f3n Participando del Curso de Formaci\u00f3n y capacitaci\u00f3n para Aspirantes a Bomberos Voluntarios \u2013 \u201cTercera Promoci\u00f3n\u201d periodo abril 2022.<\/p>\n<p>Los requisitos de admisi\u00f3n los encontrar\u00e1 en:<br \/>\nLa p\u00e1gina web: https:\/\/bomberos.puyo.gob.ec\/2019\/<\/p>\n<p>En las oficinas del Cuerpo de Bomberos en el departamento de Talento Humano, ubicado en el barrio la merced km 1 \u00bd v\u00eda Macas.<\/p>\n<p><a href=\"https:\/\/bomberos.puyo.gob.ec\/2019\/wp-content\/uploads\/ASPIRANTES-A-BOMBEROS.jpg\"><img decoding=\"async\" class=\"wp_automatic_fb_img\" title=\"\" src=\"https:\/\/bomberos.puyo.gob.ec\/2019\/wp-content\/uploads\/ASPIRANTES-A-BOMBEROS.jpg\" \/><\/a><br \/>\n<br \/><a href=\"https:\/\/www.facebook.com\/465093860312824\/posts\/2153790291443164\">en facebook&#8230; <\/a>  <\/p>\n","protected":false},"excerpt":{"rendered":"<p>|ASPIRANTES A BOMBEROS<br \/>\nVOLUNTARIOS III PROMOCI\u00d3N PERIODO ABRIL &#8211; MAYO 2022|<\/p>\n<p>El Cuerpo de Bomberos Municipal del Cant\u00f3n Pastaza invita a la ciudadan\u00eda a ser parte de esta noble instituci\u00f3n Participando del Curso de Formaci\u00f3n y capacitaci\u00f3n para Aspirantes a Bomberos Voluntarios \u2013 \u201cTercera Promoci\u00f3n\u201d periodo abril 2022.<\/p>\n<p>Los requisitos de admisi\u00f3n los encontrar\u00e1 en:<br \/>\nLa p\u00e1gina web: https:\/\/bomberos.puyo.gob.ec\/2019\/<\/p>\n<p>En las oficinas del Cuerpo de Bomberos en el departamento de Talento Humano, ubicado en el barrio la merced km 1 \u00bd v\u00eda Macas.<\/p>\n<p><a href=\"https:\/\/scontent.fuio15-1.fna.fbcdn.net\/v\/t39.30808-6\/275626538_2153790254776501_344921985047048015_n.jpg?stp=dst-jpg_p526x296&#038;_nc_cat=108&#038;ccb=1-7&#038;_nc_sid=8bfeb9&#038;_nc_eui2=AeHNGLK0k5WGCVJxGEFqwVe0NdLHK3KjETc10scrcqMRNwInsgiJP89zMNK_jN0u8HrRX_9bwGCldgBwCfawD0j1&#038;_nc_ohc=5I4mO0nML8wAX-ynuK_&#038;_nc_ht=scontent.fuio15-1.fna&#038;oh=00_AfCfXj7qlwFl12nNfkhYgC91LO985H74k5CbVY5wkydhRQ&#038;oe=63BDC5CC\"><img decoding=\"async\" class=\"wp_automatic_fb_img\" title=\"\" src=\"https:\/\/scontent.fuio15-1.fna.fbcdn.net\/v\/t39.30808-6\/275626538_2153790254776501_344921985047048015_n.jpg?stp=dst-jpg_p526x296&#038;_nc_cat=108&#038;ccb=1-7&#038;_nc_sid=8bfeb9&#038;_nc_eui2=AeHNGLK0k5WGCVJxGEFqwVe0NdLHK3KjETc10scrcqMRNwInsgiJP89zMNK_jN0u8HrRX_9bwGCldgBwCfawD0j1&#038;_nc_ohc=5I4mO0nML8wAX-ynuK_&#038;_nc_ht=scontent.fuio15-1.fna&#038;oh=00_AfCfXj7qlwFl12nNfkhYgC91LO985H74k5CbVY5wkydhRQ&#038;oe=63BDC5CC\" \/><\/a><\/p>\n","protected":false},"author":1,"featured_media":3218,"comment_status":"open","ping_status":"open","sticky":false,"template":"","format":"standard","meta":[],"categories":[1],"tags":[332,73],"_links":{"self":[{"href":"https:\/\/bomberos.puyo.gob.ec\/2019\/wp-json\/wp\/v2\/posts\/3217"}],"collection":[{"href":"https:\/\/bomberos.puyo.gob.ec\/2019\/wp-json\/wp\/v2\/posts"}],"about":[{"href":"https:\/\/bomberos.puyo.gob.ec\/2019\/wp-json\/wp\/v2\/types\/post"}],"author":[{"embeddable":true,"href":"https:\/\/bomberos.puyo.gob.ec\/2019\/wp-json\/wp\/v2\/users\/1"}],"replies":[{"embeddable":true,"href":"https:\/\/bomberos.puyo.gob.ec\/2019\/wp-json\/wp\/v2\/comments?post=3217"}],"version-history":[{"count":1,"href":"https:\/\/bomberos.puyo.gob.ec\/2019\/wp-json\/wp\/v2\/posts\/3217\/revisions"}],"predecessor-version":[{"id":3219,"href":"https:\/\/bomberos.puyo.gob.ec\/2019\/wp-json\/wp\/v2\/posts\/3217\/revisions\/3219"}],"wp:featuredmedia":[{"embeddable":true,"href":"https:\/\/bomberos.puyo.gob.ec\/2019\/wp-json\/wp\/v2\/media\/3218"}],"wp:attachment":[{"href":"https:\/\/bomberos.puyo.gob.ec\/2019\/wp-json\/wp\/v2\/media?parent=3217"}],"wp:term":[{"taxonomy":"category","embeddable":true,"href":"https:\/\/bomberos.puyo.gob.ec\/2019\/wp-json\/wp\/v2\/categories?post=3217"},{"taxonomy":"post_tag","embeddable":true,"href":"https:\/\/bomberos.puyo.gob.ec\/2019\/wp-json\/wp\/v2\/tags?post=3217"}],"curies":[{"name":"wp","href":"https:\/\/api.w.org\/{rel}","templated":true}]}}