{"id":3200,"date":"2022-03-12T18:23:43","date_gmt":"2022-03-12T23:23:43","guid":{"rendered":"https:\/\/bomberos.puyo.gob.ec\/emergencia-medica-la-unidad-a5-se-dirige-a-la-calle-gonzalo-suarez-sector\/"},"modified":"2023-01-06T12:10:28","modified_gmt":"2023-01-06T17:10:28","slug":"emergencia-medica-la-unidad-a5-se-dirige-a-la-calle-gonzalo-suarez-sector","status":"publish","type":"post","link":"https:\/\/bomberos.puyo.gob.ec\/2019\/emergencia-medica-la-unidad-a5-se-dirige-a-la-calle-gonzalo-suarez-sector\/","title":{"rendered":"|EMERGENCIA M\u00c9DICA|\n  La unidad A5 se dirige a la calle Gonzalo Su\u00e1rez (sector&#8230;"},"content":{"rendered":"<p>|EMERGENCIA M\u00c9DICA|<br \/>\n \ud83d\ude91 La unidad A5 se dirige a la calle Gonzalo Su\u00e1rez (sector la Chevrolet), en el lugar se atiende a un paciente de nombre: E. V. de 40 a\u00f1os de edad, quien presenta Trauma Maxilofacial, despues de la respectiva valoraci\u00f3n, es trasladado al Hospital General Puyo, quedando a cargo del  m\u00e9dico de turno.<\/p>\n<p><a href=\"https:\/\/facebook.com\/story.php?story_fbid=pfbid0Luyamg2wzqnuwHGpHUtDx8wnA7SKJj54DBnoMRBETArV7VYPsVUMDgJzLirHBRZLl&amp;id=465093860312824&amp;eav=AfZV4b2zNzr5deMXLjdXuf99Hh1oFd61tufsovabfPyowMJZGa5zTPCvimUV8oqzSIQ&amp;viewer=465093860312824&amp;m_entstream_source=timeline&amp;__tn__=%2As%2As-R&amp;paipv=1\" aria-label=\"Abrir historia\" class=\"_5msj\"><\/a><\/p>\n<p><a href=\"https:\/\/bomberos.puyo.gob.ec\/2019\/wp-content\/uploads\/EMERGENCIA-MEDICA-La-unidad-A5-se-dirige-a-la-calle.jpg\"><img decoding=\"async\" class=\"wp_automatic_fb_img\" title=\"\" src=\"https:\/\/bomberos.puyo.gob.ec\/2019\/wp-content\/uploads\/EMERGENCIA-MEDICA-La-unidad-A5-se-dirige-a-la-calle.jpg\" \/><\/a><br \/>\n<br \/><a href=\"https:\/\/www.facebook.com\/465093860312824\/posts\/2155177544637772\">en facebook&#8230; <\/a>  <\/p>\n","protected":false},"excerpt":{"rendered":"<p>|EMERGENCIA M\u00c9DICA|<br \/>\n \ud83d\ude91 La unidad A5 se dirige a la calle Gonzalo Su\u00e1rez (sector la Chevrolet), en el lugar se atiende a un paciente de nombre: E. V. de 40 a\u00f1os de edad, quien presenta Trauma Maxilofacial, despues de la respectiva valoraci\u00f3n, es trasladado al Hospital General Puyo, quedando a cargo del  m\u00e9dico de turno.<\/p>\n<p><a href=\"https:\/\/facebook.com\/story.php?story_fbid=pfbid0Luyamg2wzqnuwHGpHUtDx8wnA7SKJj54DBnoMRBETArV7VYPsVUMDgJzLirHBRZLl&amp;id=465093860312824&amp;eav=AfZV4b2zNzr5deMXLjdXuf99Hh1oFd61tufsovabfPyowMJZGa5zTPCvimUV8oqzSIQ&amp;viewer=465093860312824&amp;m_entstream_source=timeline&amp;__tn__=%2As%2As-R&amp;paipv=1\" aria-label=\"Abrir historia\" class=\"_5msj\"><\/a><\/p>\n<p><a href=\"https:\/\/scontent.fuio15-1.fna.fbcdn.net\/v\/t39.30808-6\/275606735_2155145334640993_266706056861643159_n.jpg?stp=dst-jpg_s720x720&#038;_nc_cat=107&#038;ccb=1-7&#038;_nc_sid=8bfeb9&#038;_nc_eui2=AeFSXV-zqP9JAZS9rpxlnMHgoHnkoWbo8EigeeShZujwSEVSbZ2mCysZSLakUtO-fI7FRPwjUFOkRg9DJQ2TuVOr&#038;_nc_ohc=Ti346L-gTC0AX-uRcQi&#038;_nc_ht=scontent.fuio15-1.fna&#038;oh=00_AfBHd_GE-_yFv6jqKbZEgZurI8m_qUuVMSSZvQhZgz1rRA&#038;oe=63BE1DB1\"><img decoding=\"async\" class=\"wp_automatic_fb_img\" title=\"\" src=\"https:\/\/scontent.fuio15-1.fna.fbcdn.net\/v\/t39.30808-6\/275606735_2155145334640993_266706056861643159_n.jpg?stp=dst-jpg_s720x720&#038;_nc_cat=107&#038;ccb=1-7&#038;_nc_sid=8bfeb9&#038;_nc_eui2=AeFSXV-zqP9JAZS9rpxlnMHgoHnkoWbo8EigeeShZujwSEVSbZ2mCysZSLakUtO-fI7FRPwjUFOkRg9DJQ2TuVOr&#038;_nc_ohc=Ti346L-gTC0AX-uRcQi&#038;_nc_ht=scontent.fuio15-1.fna&#038;oh=00_AfBHd_GE-_yFv6jqKbZEgZurI8m_qUuVMSSZvQhZgz1rRA&#038;oe=63BE1DB1\" \/><\/a><\/p>\n","protected":false},"author":1,"featured_media":3201,"comment_status":"open","ping_status":"open","sticky":false,"template":"","format":"standard","meta":[],"categories":[1],"tags":[715,86,182,1060,251,276,1061,41],"_links":{"self":[{"href":"https:\/\/bomberos.puyo.gob.ec\/2019\/wp-json\/wp\/v2\/posts\/3200"}],"collection":[{"href":"https:\/\/bomberos.puyo.gob.ec\/2019\/wp-json\/wp\/v2\/posts"}],"about":[{"href":"https:\/\/bomberos.puyo.gob.ec\/2019\/wp-json\/wp\/v2\/types\/post"}],"author":[{"embeddable":true,"href":"https:\/\/bomberos.puyo.gob.ec\/2019\/wp-json\/wp\/v2\/users\/1"}],"replies":[{"embeddable":true,"href":"https:\/\/bomberos.puyo.gob.ec\/2019\/wp-json\/wp\/v2\/comments?post=3200"}],"version-history":[{"count":1,"href":"https:\/\/bomberos.puyo.gob.ec\/2019\/wp-json\/wp\/v2\/posts\/3200\/revisions"}],"predecessor-version":[{"id":3202,"href":"https:\/\/bomberos.puyo.gob.ec\/2019\/wp-json\/wp\/v2\/posts\/3200\/revisions\/3202"}],"wp:featuredmedia":[{"embeddable":true,"href":"https:\/\/bomberos.puyo.gob.ec\/2019\/wp-json\/wp\/v2\/media\/3201"}],"wp:attachment":[{"href":"https:\/\/bomberos.puyo.gob.ec\/2019\/wp-json\/wp\/v2\/media?parent=3200"}],"wp:term":[{"taxonomy":"category","embeddable":true,"href":"https:\/\/bomberos.puyo.gob.ec\/2019\/wp-json\/wp\/v2\/categories?post=3200"},{"taxonomy":"post_tag","embeddable":true,"href":"https:\/\/bomberos.puyo.gob.ec\/2019\/wp-json\/wp\/v2\/tags?post=3200"}],"curies":[{"name":"wp","href":"https:\/\/api.w.org\/{rel}","templated":true}]}}