{"id":3197,"date":"2022-03-13T15:29:33","date_gmt":"2022-03-13T20:29:33","guid":{"rendered":"https:\/\/bomberos.puyo.gob.ec\/emergencia-medica-la-unidad-a5-se-dirige-al-barrio-la-merced-a-las-calles\/"},"modified":"2023-01-06T11:07:36","modified_gmt":"2023-01-06T16:07:36","slug":"emergencia-medica-la-unidad-a5-se-dirige-al-barrio-la-merced-a-las-calles","status":"publish","type":"post","link":"https:\/\/bomberos.puyo.gob.ec\/2019\/emergencia-medica-la-unidad-a5-se-dirige-al-barrio-la-merced-a-las-calles\/","title":{"rendered":"|EMERGENCIA M\u00c9DICA|\n La unidad A5 se dirige al barrio La Merced, a las calles &#8230;"},"content":{"rendered":"<div><span><\/p>\n<p>|EMERGENCIA M\u00c9DICA|<\/p>\n<p> La unidad A5 se dirige al barrio La Merced, a las calles Amazonas y Sucre, donde se atiende a un paciente de nombre: C. M. O. J. de 47 a\u00f1os de edad de Nacionalidad Venezolana, misma que presenta descompensaci\u00f3n diab\u00e9tica por falta de medicamento,  es atendido en el lugar, quedando a cargo de sus familiares.<\/p>\n<p><\/span><\/div>\n<p><a href=\"https:\/\/facebook.com\/story.php?story_fbid=pfbid02KuSNgaxV7muA1YiLwfTKp2eyoUXRhk1YY8DvBeysQx3oeSXU9cmvUVoxvK98BjU4l&amp;id=465093860312824&amp;eav=AfbX_lSLF-zMYtFKTYgjvQ9CviuGvxUW4vcdAGPN9pRcQL8haN7itx-xHCrPtLisCew&amp;viewer=465093860312824&amp;m_entstream_source=timeline&amp;__tn__=%2As%2As-R&amp;paipv=1\" aria-label=\"Abrir historia\" class=\"_5msj\"><\/a><\/p>\n<p><a href=\"https:\/\/bomberos.puyo.gob.ec\/2019\/wp-content\/uploads\/EMERGENCIA-MEDICA-La-unidad-A5-se-dirige-al-barrio-La.jpg\"><img decoding=\"async\" class=\"wp_automatic_fb_img\" title=\"\" src=\"https:\/\/bomberos.puyo.gob.ec\/2019\/wp-content\/uploads\/EMERGENCIA-MEDICA-La-unidad-A5-se-dirige-al-barrio-La.jpg\" \/><\/a><br \/>\n<br \/><a href=\"https:\/\/www.facebook.com\/465093860312824\/posts\/2155844981237695\">en facebook&#8230; <\/a>  <\/p>\n","protected":false},"excerpt":{"rendered":"<div><span><\/p>\n<p>|EMERGENCIA M\u00c9DICA|<\/p>\n<p> La unidad A5 se dirige al barrio La Merced, a las calles Amazonas y Sucre, donde se atiende a un paciente de nombre: C. M. O. J. de 47 a\u00f1os de edad de Nacionalidad Venezolana, misma que presenta descompensaci\u00f3n diab\u00e9tica por falta de medicamento,  es atendido en el lugar, quedando a cargo de sus familiares.<\/p>\n<p><\/span><\/div>\n<p><a href=\"https:\/\/facebook.com\/story.php?story_fbid=pfbid02KuSNgaxV7muA1YiLwfTKp2eyoUXRhk1YY8DvBeysQx3oeSXU9cmvUVoxvK98BjU4l&amp;id=465093860312824&amp;eav=AfbX_lSLF-zMYtFKTYgjvQ9CviuGvxUW4vcdAGPN9pRcQL8haN7itx-xHCrPtLisCew&amp;viewer=465093860312824&amp;m_entstream_source=timeline&amp;__tn__=%2As%2As-R&amp;paipv=1\" aria-label=\"Abrir historia\" class=\"_5msj\"><\/a><\/p>\n<p><a href=\"https:\/\/scontent.fuio15-1.fna.fbcdn.net\/v\/t39.30808-6\/275733614_2155844951237698_3668741931517963459_n.jpg?stp=dst-jpg_s720x720&#038;_nc_cat=107&#038;ccb=1-7&#038;_nc_sid=8bfeb9&#038;_nc_eui2=AeFFr-joL2ghNtEZVloGWBkTjeE0sF11kYmN4TSwXXWRiWzBPzSmx2EH5T_MBjnxozX72CKhvRLI3uJRW902jxg6&#038;_nc_ohc=XXI6RH93r68AX_ArRHR&#038;_nc_ht=scontent.fuio15-1.fna&#038;oh=00_AfBZ0XaqVgY_o8mL1xc1JaYfZKM84dgizHephlQqIc_Jdg&#038;oe=63BE1583\"><img decoding=\"async\" class=\"wp_automatic_fb_img\" title=\"\" src=\"https:\/\/scontent.fuio15-1.fna.fbcdn.net\/v\/t39.30808-6\/275733614_2155844951237698_3668741931517963459_n.jpg?stp=dst-jpg_s720x720&#038;_nc_cat=107&#038;ccb=1-7&#038;_nc_sid=8bfeb9&#038;_nc_eui2=AeFFr-joL2ghNtEZVloGWBkTjeE0sF11kYmN4TSwXXWRiWzBPzSmx2EH5T_MBjnxozX72CKhvRLI3uJRW902jxg6&#038;_nc_ohc=XXI6RH93r68AX_ArRHR&#038;_nc_ht=scontent.fuio15-1.fna&#038;oh=00_AfBZ0XaqVgY_o8mL1xc1JaYfZKM84dgizHephlQqIc_Jdg&#038;oe=63BE1583\" \/><\/a><\/p>\n","protected":false},"author":1,"featured_media":3198,"comment_status":"open","ping_status":"open","sticky":false,"template":"","format":"standard","meta":[],"categories":[1],"tags":[408,401,86,182,22,251,761,41],"_links":{"self":[{"href":"https:\/\/bomberos.puyo.gob.ec\/2019\/wp-json\/wp\/v2\/posts\/3197"}],"collection":[{"href":"https:\/\/bomberos.puyo.gob.ec\/2019\/wp-json\/wp\/v2\/posts"}],"about":[{"href":"https:\/\/bomberos.puyo.gob.ec\/2019\/wp-json\/wp\/v2\/types\/post"}],"author":[{"embeddable":true,"href":"https:\/\/bomberos.puyo.gob.ec\/2019\/wp-json\/wp\/v2\/users\/1"}],"replies":[{"embeddable":true,"href":"https:\/\/bomberos.puyo.gob.ec\/2019\/wp-json\/wp\/v2\/comments?post=3197"}],"version-history":[{"count":1,"href":"https:\/\/bomberos.puyo.gob.ec\/2019\/wp-json\/wp\/v2\/posts\/3197\/revisions"}],"predecessor-version":[{"id":3199,"href":"https:\/\/bomberos.puyo.gob.ec\/2019\/wp-json\/wp\/v2\/posts\/3197\/revisions\/3199"}],"wp:featuredmedia":[{"embeddable":true,"href":"https:\/\/bomberos.puyo.gob.ec\/2019\/wp-json\/wp\/v2\/media\/3198"}],"wp:attachment":[{"href":"https:\/\/bomberos.puyo.gob.ec\/2019\/wp-json\/wp\/v2\/media?parent=3197"}],"wp:term":[{"taxonomy":"category","embeddable":true,"href":"https:\/\/bomberos.puyo.gob.ec\/2019\/wp-json\/wp\/v2\/categories?post=3197"},{"taxonomy":"post_tag","embeddable":true,"href":"https:\/\/bomberos.puyo.gob.ec\/2019\/wp-json\/wp\/v2\/tags?post=3197"}],"curies":[{"name":"wp","href":"https:\/\/api.w.org\/{rel}","templated":true}]}}