{"id":3174,"date":"2022-03-15T09:03:38","date_gmt":"2022-03-15T14:03:38","guid":{"rendered":"https:\/\/bomberos.puyo.gob.ec\/emergencia-medica-la-unidad-a5-se-dirige-a-una-emergencia-medica-en-el-sect\/"},"modified":"2023-01-06T00:39:20","modified_gmt":"2023-01-06T05:39:20","slug":"emergencia-medica-la-unidad-a5-se-dirige-a-una-emergencia-medica-en-el-sect","status":"publish","type":"post","link":"https:\/\/bomberos.puyo.gob.ec\/2019\/emergencia-medica-la-unidad-a5-se-dirige-a-una-emergencia-medica-en-el-sect\/","title":{"rendered":"|EMERGENCIA M\u00c9DICA|\n La unidad A5 se dirige a una Emergencia M\u00e9dica en el sect&#8230;"},"content":{"rendered":"<div><span><\/p>\n<p>|EMERGENCIA M\u00c9DICA|<\/p>\n<p> La unidad A5 se dirige a una Emergencia M\u00e9dica en el sector La Isla, en el lugar se atiende a un paciente de nombre: T. I. de 43 a\u00f1os de edad, quien presenta amenaza de parto pretermino, luego de la respectiva valoraci\u00f3n es trasladada al Hospital General Puyo, quedando a cargo del m\u00e9dico de turno.<\/p>\n<p><\/span><\/div>\n<p><a href=\"https:\/\/facebook.com\/story.php?story_fbid=pfbid0PzKHTPspBj3HZ1G5JjC1Hme3h6oL7hfxBcdBaHLJmD5orDw7XfbqZAEr4kGLcJ8Bl&amp;id=465093860312824&amp;eav=AfbVd2cAfXRkXBx2LSmVJkTdL6rBEM3q0ZzKmaJcOYiDo1lEesU1sTVjUFWiwfvXeos&amp;viewer=465093860312824&amp;m_entstream_source=timeline&amp;__tn__=%2As%2As-R&amp;paipv=1\" aria-label=\"Abrir historia\" class=\"_5msj\"><\/a><\/p>\n<p><a href=\"https:\/\/bomberos.puyo.gob.ec\/2019\/wp-content\/uploads\/EMERGENCIA-MEDICA-La-unidad-A5-se-dirige-a-una-Emergencia.jpg\"><img decoding=\"async\" class=\"wp_automatic_fb_img\" title=\"\" src=\"https:\/\/bomberos.puyo.gob.ec\/2019\/wp-content\/uploads\/EMERGENCIA-MEDICA-La-unidad-A5-se-dirige-a-una-Emergencia.jpg\" \/><\/a><br \/>\n<br \/><a href=\"https:\/\/www.facebook.com\/465093860312824\/posts\/2157067784448748\">en facebook&#8230; <\/a>  <\/p>\n","protected":false},"excerpt":{"rendered":"<div><span><\/p>\n<p>|EMERGENCIA M\u00c9DICA|<\/p>\n<p> La unidad A5 se dirige a una Emergencia M\u00e9dica en el sector La Isla, en el lugar se atiende a un paciente de nombre: T. I. de 43 a\u00f1os de edad, quien presenta amenaza de parto pretermino, luego de la respectiva valoraci\u00f3n es trasladada al Hospital General Puyo, quedando a cargo del m\u00e9dico de turno.<\/p>\n<p><\/span><\/div>\n<p><a href=\"https:\/\/facebook.com\/story.php?story_fbid=pfbid0PzKHTPspBj3HZ1G5JjC1Hme3h6oL7hfxBcdBaHLJmD5orDw7XfbqZAEr4kGLcJ8Bl&amp;id=465093860312824&amp;eav=AfbVd2cAfXRkXBx2LSmVJkTdL6rBEM3q0ZzKmaJcOYiDo1lEesU1sTVjUFWiwfvXeos&amp;viewer=465093860312824&amp;m_entstream_source=timeline&amp;__tn__=%2As%2As-R&amp;paipv=1\" aria-label=\"Abrir historia\" class=\"_5msj\"><\/a><\/p>\n<p><a href=\"https:\/\/scontent.fuio15-1.fna.fbcdn.net\/v\/t39.30808-6\/276005178_2157067757782084_782717865858771477_n.jpg?stp=dst-jpg_s720x720&#038;_nc_cat=107&#038;ccb=1-7&#038;_nc_sid=8bfeb9&#038;_nc_eui2=AeGCHl7YakLqJFdlRDkPo6ArLaMfJkPMUrwtox8mQ8xSvE0aSYBvEXxUJu167MD6bldA53VATl5kJ0p1EM1Qt2An&#038;_nc_ohc=n1m8rYwjWcoAX_UW4yT&#038;_nc_ht=scontent.fuio15-1.fna&#038;oh=00_AfB8T4PmXskTMgcKE1jUk8dtnf0Ik86YY4suNclhs9AluQ&#038;oe=63BD819F\"><img decoding=\"async\" class=\"wp_automatic_fb_img\" title=\"\" src=\"https:\/\/scontent.fuio15-1.fna.fbcdn.net\/v\/t39.30808-6\/276005178_2157067757782084_782717865858771477_n.jpg?stp=dst-jpg_s720x720&#038;_nc_cat=107&#038;ccb=1-7&#038;_nc_sid=8bfeb9&#038;_nc_eui2=AeGCHl7YakLqJFdlRDkPo6ArLaMfJkPMUrwtox8mQ8xSvE0aSYBvEXxUJu167MD6bldA53VATl5kJ0p1EM1Qt2An&#038;_nc_ohc=n1m8rYwjWcoAX_UW4yT&#038;_nc_ht=scontent.fuio15-1.fna&#038;oh=00_AfB8T4PmXskTMgcKE1jUk8dtnf0Ik86YY4suNclhs9AluQ&#038;oe=63BD819F\" \/><\/a><\/p>\n","protected":false},"author":1,"featured_media":3175,"comment_status":"open","ping_status":"open","sticky":false,"template":"","format":"standard","meta":[],"categories":[1],"tags":[86,182,251,585,119,41],"_links":{"self":[{"href":"https:\/\/bomberos.puyo.gob.ec\/2019\/wp-json\/wp\/v2\/posts\/3174"}],"collection":[{"href":"https:\/\/bomberos.puyo.gob.ec\/2019\/wp-json\/wp\/v2\/posts"}],"about":[{"href":"https:\/\/bomberos.puyo.gob.ec\/2019\/wp-json\/wp\/v2\/types\/post"}],"author":[{"embeddable":true,"href":"https:\/\/bomberos.puyo.gob.ec\/2019\/wp-json\/wp\/v2\/users\/1"}],"replies":[{"embeddable":true,"href":"https:\/\/bomberos.puyo.gob.ec\/2019\/wp-json\/wp\/v2\/comments?post=3174"}],"version-history":[{"count":1,"href":"https:\/\/bomberos.puyo.gob.ec\/2019\/wp-json\/wp\/v2\/posts\/3174\/revisions"}],"predecessor-version":[{"id":3176,"href":"https:\/\/bomberos.puyo.gob.ec\/2019\/wp-json\/wp\/v2\/posts\/3174\/revisions\/3176"}],"wp:featuredmedia":[{"embeddable":true,"href":"https:\/\/bomberos.puyo.gob.ec\/2019\/wp-json\/wp\/v2\/media\/3175"}],"wp:attachment":[{"href":"https:\/\/bomberos.puyo.gob.ec\/2019\/wp-json\/wp\/v2\/media?parent=3174"}],"wp:term":[{"taxonomy":"category","embeddable":true,"href":"https:\/\/bomberos.puyo.gob.ec\/2019\/wp-json\/wp\/v2\/categories?post=3174"},{"taxonomy":"post_tag","embeddable":true,"href":"https:\/\/bomberos.puyo.gob.ec\/2019\/wp-json\/wp\/v2\/tags?post=3174"}],"curies":[{"name":"wp","href":"https:\/\/api.w.org\/{rel}","templated":true}]}}