{"id":3165,"date":"2022-03-17T20:28:38","date_gmt":"2022-03-18T01:28:38","guid":{"rendered":"https:\/\/bomberos.puyo.gob.ec\/emergencia-medica-la-unidad-a5-se-dirigio-a-las-calles-yutzus-y-tarqui-del\/"},"modified":"2023-01-05T20:26:07","modified_gmt":"2023-01-06T01:26:07","slug":"emergencia-medica-la-unidad-a5-se-dirigio-a-las-calles-yutzus-y-tarqui-del","status":"publish","type":"post","link":"https:\/\/bomberos.puyo.gob.ec\/2019\/emergencia-medica-la-unidad-a5-se-dirigio-a-las-calles-yutzus-y-tarqui-del\/","title":{"rendered":"|EMERGENCIA M\u00c9DICA|\n La unidad A5 se dirigi\u00f3 a las calles Yutzus y Tarqui del &#8230;"},"content":{"rendered":"<div><span><\/p>\n<p>|EMERGENCIA M\u00c9DICA|<\/p>\n<p> La unidad A5 se dirigi\u00f3 a las calles Yutzus y Tarqui del barrio el Recreo, en el punto se atiende a un paciente de nombre: O. C. C. de 48 a\u00f1os de edad, mismo que presenta politraumatismos, por motivo de accidente de tr\u00e1nsito, luego de la respectiva valoraci\u00f3n es trasladada al Hospital General Puyo.<\/p>\n<p><\/span><\/div>\n<p><a href=\"https:\/\/facebook.com\/story.php?story_fbid=pfbid02oEqkriSkG5Z8vGnzwXNsim7TWMi2oa2WYoAH8cDPGtveNeVdJtRiZTjb85DFnGpol&amp;id=465093860312824&amp;eav=AfbkDquz8yc3BwxRkqHFhKabFO1Xja2LuMg34yyleifcQu0zI3GyibsbWCRG_sBdzAg&amp;viewer=465093860312824&amp;m_entstream_source=timeline&amp;__tn__=%2As%2As-R&amp;paipv=1\" aria-label=\"Abrir historia\" class=\"_5msj\"><\/a><\/p>\n<p><a href=\"https:\/\/bomberos.puyo.gob.ec\/2019\/wp-content\/uploads\/1672968366_644_EMERGENCIA-MEDICA-La-unidad-A5-se-dirigio-a-las-calles.jpg\"><img decoding=\"async\" class=\"wp_automatic_fb_img\" title=\"\" src=\"https:\/\/bomberos.puyo.gob.ec\/2019\/wp-content\/uploads\/1672968366_644_EMERGENCIA-MEDICA-La-unidad-A5-se-dirigio-a-las-calles.jpg\" \/><\/a><br \/>\n<br \/><a href=\"https:\/\/www.facebook.com\/465093860312824\/posts\/2158999040922289\">en facebook&#8230; <\/a>  <\/p>\n","protected":false},"excerpt":{"rendered":"<div><span><\/p>\n<p>|EMERGENCIA M\u00c9DICA|<\/p>\n<p> La unidad A5 se dirigi\u00f3 a las calles Yutzus y Tarqui del barrio el Recreo, en el punto se atiende a un paciente de nombre: O. C. C. de 48 a\u00f1os de edad, mismo que presenta politraumatismos, por motivo de accidente de tr\u00e1nsito, luego de la respectiva valoraci\u00f3n es trasladada al Hospital General Puyo.<\/p>\n<p><\/span><\/div>\n<p><a href=\"https:\/\/facebook.com\/story.php?story_fbid=pfbid02oEqkriSkG5Z8vGnzwXNsim7TWMi2oa2WYoAH8cDPGtveNeVdJtRiZTjb85DFnGpol&amp;id=465093860312824&amp;eav=AfbkDquz8yc3BwxRkqHFhKabFO1Xja2LuMg34yyleifcQu0zI3GyibsbWCRG_sBdzAg&amp;viewer=465093860312824&amp;m_entstream_source=timeline&amp;__tn__=%2As%2As-R&amp;paipv=1\" aria-label=\"Abrir historia\" class=\"_5msj\"><\/a><\/p>\n<p><a href=\"https:\/\/scontent.fuio15-1.fna.fbcdn.net\/v\/t39.30808-6\/276135482_2158999007588959_6169089519126810312_n.jpg?stp=dst-jpg_s640x640&#038;_nc_cat=101&#038;ccb=1-7&#038;_nc_sid=8bfeb9&#038;_nc_eui2=AeGvKK364jUbsBn7KRQ0KgMYrHSqamT8nIGsdKpqZPycgVAasfKAbYy21d5JKfqy4R7S0dcx5RyMC11IJS86u58-&#038;_nc_ohc=4lunQA-LPbIAX_-sZ7T&#038;_nc_ht=scontent.fuio15-1.fna&#038;oh=00_AfD_gRXrbrXvYX58tXggls7xgePgNni8qouPKntqIXTAlw&#038;oe=63BC0941\"><img decoding=\"async\" class=\"wp_automatic_fb_img\" title=\"\" src=\"https:\/\/scontent.fuio15-1.fna.fbcdn.net\/v\/t39.30808-6\/276135482_2158999007588959_6169089519126810312_n.jpg?stp=dst-jpg_s640x640&#038;_nc_cat=101&#038;ccb=1-7&#038;_nc_sid=8bfeb9&#038;_nc_eui2=AeGvKK364jUbsBn7KRQ0KgMYrHSqamT8nIGsdKpqZPycgVAasfKAbYy21d5JKfqy4R7S0dcx5RyMC11IJS86u58-&#038;_nc_ohc=4lunQA-LPbIAX_-sZ7T&#038;_nc_ht=scontent.fuio15-1.fna&#038;oh=00_AfD_gRXrbrXvYX58tXggls7xgePgNni8qouPKntqIXTAlw&#038;oe=63BC0941\" \/><\/a><\/p>\n","protected":false},"author":1,"featured_media":3166,"comment_status":"open","ping_status":"open","sticky":false,"template":"","format":"standard","meta":[],"categories":[1],"tags":[401,32,722,182,22,251,782,41,1062],"_links":{"self":[{"href":"https:\/\/bomberos.puyo.gob.ec\/2019\/wp-json\/wp\/v2\/posts\/3165"}],"collection":[{"href":"https:\/\/bomberos.puyo.gob.ec\/2019\/wp-json\/wp\/v2\/posts"}],"about":[{"href":"https:\/\/bomberos.puyo.gob.ec\/2019\/wp-json\/wp\/v2\/types\/post"}],"author":[{"embeddable":true,"href":"https:\/\/bomberos.puyo.gob.ec\/2019\/wp-json\/wp\/v2\/users\/1"}],"replies":[{"embeddable":true,"href":"https:\/\/bomberos.puyo.gob.ec\/2019\/wp-json\/wp\/v2\/comments?post=3165"}],"version-history":[{"count":1,"href":"https:\/\/bomberos.puyo.gob.ec\/2019\/wp-json\/wp\/v2\/posts\/3165\/revisions"}],"predecessor-version":[{"id":3167,"href":"https:\/\/bomberos.puyo.gob.ec\/2019\/wp-json\/wp\/v2\/posts\/3165\/revisions\/3167"}],"wp:featuredmedia":[{"embeddable":true,"href":"https:\/\/bomberos.puyo.gob.ec\/2019\/wp-json\/wp\/v2\/media\/3166"}],"wp:attachment":[{"href":"https:\/\/bomberos.puyo.gob.ec\/2019\/wp-json\/wp\/v2\/media?parent=3165"}],"wp:term":[{"taxonomy":"category","embeddable":true,"href":"https:\/\/bomberos.puyo.gob.ec\/2019\/wp-json\/wp\/v2\/categories?post=3165"},{"taxonomy":"post_tag","embeddable":true,"href":"https:\/\/bomberos.puyo.gob.ec\/2019\/wp-json\/wp\/v2\/tags?post=3165"}],"curies":[{"name":"wp","href":"https:\/\/api.w.org\/{rel}","templated":true}]}}