{"id":3162,"date":"2022-03-17T20:35:58","date_gmt":"2022-03-18T01:35:58","guid":{"rendered":"https:\/\/bomberos.puyo.gob.ec\/emergencia-medica-63\/"},"modified":"2023-01-05T19:24:14","modified_gmt":"2023-01-06T00:24:14","slug":"emergencia-medica-63","status":"publish","type":"post","link":"https:\/\/bomberos.puyo.gob.ec\/2019\/emergencia-medica-63\/","title":{"rendered":"|EMERGENCIA M\u00c9DICA|&#8230;"},"content":{"rendered":"<p>|EMERGENCIA M\u00c9DICA|<\/p>\n<p>La unidad A5 se dirigi\u00f3 a la Av. Alberto Zambrano Frente al terminal terrestre en el barrio Nuevos Horizontes, en el punto se atiende a un paciente de nombre: D. B. C. de 23 a\u00f1os de edad, mismo que presenta halitosis similar al alcohol, m\u00e1s una herida contusa en la regi\u00f3n temporal izquierda del cr\u00e1neo producto de una agresi\u00f3n f\u00edsica.<br \/>\nLuego de la respectiva valoraci\u00f3n el paciente se rehusa al traslado a una casa de salud.<\/p>\n<p><a href=\"https:\/\/bomberos.puyo.gob.ec\/2019\/wp-content\/uploads\/1672964653_797_EMERGENCIA-MEDICA.jpg\"><img decoding=\"async\" class=\"wp_automatic_fb_img\" title=\"\" src=\"https:\/\/bomberos.puyo.gob.ec\/2019\/wp-content\/uploads\/1672964653_797_EMERGENCIA-MEDICA.jpg\" \/><\/a><br \/>\n<br \/><a href=\"https:\/\/www.facebook.com\/465093860312824\/posts\/2159002694255257\">en facebook&#8230; <\/a>  <\/p>\n","protected":false},"excerpt":{"rendered":"<p>|EMERGENCIA M\u00c9DICA|<\/p>\n<p>La unidad A5 se dirigi\u00f3 a la Av. Alberto Zambrano Frente al terminal terrestre en el barrio Nuevos Horizontes, en el punto se atiende a un paciente de nombre: D. B. C. de 23 a\u00f1os de edad, mismo que presenta halitosis similar al alcohol, m\u00e1s una herida contusa en la regi\u00f3n temporal izquierda del cr\u00e1neo producto de una agresi\u00f3n f\u00edsica.<br \/>\nLuego de la respectiva valoraci\u00f3n el paciente se rehusa al traslado a una casa de salud.<\/p>\n<p><a href=\"https:\/\/scontent.fuio15-1.fna.fbcdn.net\/v\/t39.30808-6\/275966735_2159002644255262_7416702906166716087_n.jpg?stp=dst-jpg_s720x720&#038;_nc_cat=102&#038;ccb=1-7&#038;_nc_sid=8bfeb9&#038;_nc_eui2=AeFt5t09b5nnFoiaXDvJdMsAuUKhuutje9e5QqG662N716wHfS6u7uzLzdZFCJJvxdjh3PyLNewgt8gUKyyHZW3-&#038;_nc_ohc=Wgr6oi1s5VoAX-AEJQj&#038;_nc_ht=scontent.fuio15-1.fna&#038;oh=00_AfB4dAVfMLp8YSvHwczegfiKRWpocZk6MqvmsfP9RPghsQ&#038;oe=63BBC1FD\"><img decoding=\"async\" class=\"wp_automatic_fb_img\" title=\"\" src=\"https:\/\/scontent.fuio15-1.fna.fbcdn.net\/v\/t39.30808-6\/275966735_2159002644255262_7416702906166716087_n.jpg?stp=dst-jpg_s720x720&#038;_nc_cat=102&#038;ccb=1-7&#038;_nc_sid=8bfeb9&#038;_nc_eui2=AeFt5t09b5nnFoiaXDvJdMsAuUKhuutje9e5QqG662N716wHfS6u7uzLzdZFCJJvxdjh3PyLNewgt8gUKyyHZW3-&#038;_nc_ohc=Wgr6oi1s5VoAX-AEJQj&#038;_nc_ht=scontent.fuio15-1.fna&#038;oh=00_AfB4dAVfMLp8YSvHwczegfiKRWpocZk6MqvmsfP9RPghsQ&#038;oe=63BBC1FD\" \/><\/a><\/p>\n","protected":false},"author":1,"featured_media":3163,"comment_status":"open","ping_status":"open","sticky":false,"template":"","format":"standard","meta":[],"categories":[1],"tags":[182,251],"_links":{"self":[{"href":"https:\/\/bomberos.puyo.gob.ec\/2019\/wp-json\/wp\/v2\/posts\/3162"}],"collection":[{"href":"https:\/\/bomberos.puyo.gob.ec\/2019\/wp-json\/wp\/v2\/posts"}],"about":[{"href":"https:\/\/bomberos.puyo.gob.ec\/2019\/wp-json\/wp\/v2\/types\/post"}],"author":[{"embeddable":true,"href":"https:\/\/bomberos.puyo.gob.ec\/2019\/wp-json\/wp\/v2\/users\/1"}],"replies":[{"embeddable":true,"href":"https:\/\/bomberos.puyo.gob.ec\/2019\/wp-json\/wp\/v2\/comments?post=3162"}],"version-history":[{"count":1,"href":"https:\/\/bomberos.puyo.gob.ec\/2019\/wp-json\/wp\/v2\/posts\/3162\/revisions"}],"predecessor-version":[{"id":3164,"href":"https:\/\/bomberos.puyo.gob.ec\/2019\/wp-json\/wp\/v2\/posts\/3162\/revisions\/3164"}],"wp:featuredmedia":[{"embeddable":true,"href":"https:\/\/bomberos.puyo.gob.ec\/2019\/wp-json\/wp\/v2\/media\/3163"}],"wp:attachment":[{"href":"https:\/\/bomberos.puyo.gob.ec\/2019\/wp-json\/wp\/v2\/media?parent=3162"}],"wp:term":[{"taxonomy":"category","embeddable":true,"href":"https:\/\/bomberos.puyo.gob.ec\/2019\/wp-json\/wp\/v2\/categories?post=3162"},{"taxonomy":"post_tag","embeddable":true,"href":"https:\/\/bomberos.puyo.gob.ec\/2019\/wp-json\/wp\/v2\/tags?post=3162"}],"curies":[{"name":"wp","href":"https:\/\/api.w.org\/{rel}","templated":true}]}}