{"id":3159,"date":"2022-03-18T13:38:13","date_gmt":"2022-03-18T18:38:13","guid":{"rendered":"https:\/\/bomberos.puyo.gob.ec\/emergencia-medica-la-unidad-a5-se-dirigio-a-la-calle-gonzalo-suarez-en-el\/"},"modified":"2023-01-05T18:22:53","modified_gmt":"2023-01-05T23:22:53","slug":"emergencia-medica-la-unidad-a5-se-dirigio-a-la-calle-gonzalo-suarez-en-el","status":"publish","type":"post","link":"https:\/\/bomberos.puyo.gob.ec\/2019\/emergencia-medica-la-unidad-a5-se-dirigio-a-la-calle-gonzalo-suarez-en-el\/","title":{"rendered":"|EMERGENCIA M\u00c9DICA|\n La unidad A5 se dirigi\u00f3 a la calle Gonzalo Su\u00e1rez, en el &#8230;"},"content":{"rendered":"<div><span><\/p>\n<p>|EMERGENCIA M\u00c9DICA|<\/p>\n<p> La unidad A5 se dirigi\u00f3 a la calle Gonzalo Su\u00e1rez, en el lugar se atiende a un paciente de nombre:  E. V. de 51 a\u00f1os de edad, quien  presenta politraumatismos producto de un accidente de tr\u00e1nsito, luego de la respectiva valoraci\u00f3n es trasladado al Hospital General Puyo, quedando a cargo del m\u00e9dico de turno.<\/p>\n<p><\/span><\/div>\n<p><a href=\"https:\/\/facebook.com\/story.php?story_fbid=pfbid0LKMbYxWC2TuGDpH7Q47F7CHDCZSGZdKhcrUaPh1WecfGf991qbM1LGPhxJmoC7sXl&amp;id=465093860312824&amp;eav=AfZW134QR9q-Jf0XxNfpHeMgd-qOKTFvjPmIa5tDAfZWQ4nkH9fnpymnMQc_qZZWWRE&amp;viewer=465093860312824&amp;m_entstream_source=timeline&amp;__tn__=%2As%2As-R&amp;paipv=1\" aria-label=\"Abrir historia\" class=\"_5msj\"><\/a><\/p>\n<p><a href=\"https:\/\/bomberos.puyo.gob.ec\/2019\/wp-content\/uploads\/EMERGENCIA-MEDICA-La-unidad-A5-se-dirigio-a-la-calle.jpg\"><img decoding=\"async\" class=\"wp_automatic_fb_img\" title=\"\" src=\"https:\/\/bomberos.puyo.gob.ec\/2019\/wp-content\/uploads\/EMERGENCIA-MEDICA-La-unidad-A5-se-dirigio-a-la-calle.jpg\" \/><\/a><br \/>\n<br \/><a href=\"https:\/\/www.facebook.com\/465093860312824\/posts\/2159581020864091\">en facebook&#8230; <\/a>  <\/p>\n","protected":false},"excerpt":{"rendered":"<div><span><\/p>\n<p>|EMERGENCIA M\u00c9DICA|<\/p>\n<p> La unidad A5 se dirigi\u00f3 a la calle Gonzalo Su\u00e1rez, en el lugar se atiende a un paciente de nombre:  E. V. de 51 a\u00f1os de edad, quien  presenta politraumatismos producto de un accidente de tr\u00e1nsito, luego de la respectiva valoraci\u00f3n es trasladado al Hospital General Puyo, quedando a cargo del m\u00e9dico de turno.<\/p>\n<p><\/span><\/div>\n<p><a href=\"https:\/\/facebook.com\/story.php?story_fbid=pfbid0LKMbYxWC2TuGDpH7Q47F7CHDCZSGZdKhcrUaPh1WecfGf991qbM1LGPhxJmoC7sXl&amp;id=465093860312824&amp;eav=AfZW134QR9q-Jf0XxNfpHeMgd-qOKTFvjPmIa5tDAfZWQ4nkH9fnpymnMQc_qZZWWRE&amp;viewer=465093860312824&amp;m_entstream_source=timeline&amp;__tn__=%2As%2As-R&amp;paipv=1\" aria-label=\"Abrir historia\" class=\"_5msj\"><\/a><\/p>\n<p><a href=\"https:\/\/scontent-bog1-1.xx.fbcdn.net\/v\/t39.30808-6\/276120823_2159580984197428_125700950247765025_n.jpg?stp=dst-jpg_s720x720&#038;_nc_cat=102&#038;ccb=1-7&#038;_nc_sid=8bfeb9&#038;_nc_eui2=AeGWAOwds2IUXNZPpUp3sG0vmPf4Zrv9F32Y9_hmu_0XfeeZIzIIhd83ewuvyq1JgCqs3Y64QfsN4wR3MIy0uUSH&#038;_nc_ohc=0vTpcP6TTvoAX9tzQxS&#038;_nc_ht=scontent-bog1-1.xx&#038;oh=00_AfCYcA3mLT27W67sfgXdymNtmgEeMeYNDogwE4hDMRBb9A&#038;oe=63BC9487\"><img decoding=\"async\" class=\"wp_automatic_fb_img\" title=\"\" src=\"https:\/\/scontent-bog1-1.xx.fbcdn.net\/v\/t39.30808-6\/276120823_2159580984197428_125700950247765025_n.jpg?stp=dst-jpg_s720x720&#038;_nc_cat=102&#038;ccb=1-7&#038;_nc_sid=8bfeb9&#038;_nc_eui2=AeGWAOwds2IUXNZPpUp3sG0vmPf4Zrv9F32Y9_hmu_0XfeeZIzIIhd83ewuvyq1JgCqs3Y64QfsN4wR3MIy0uUSH&#038;_nc_ohc=0vTpcP6TTvoAX9tzQxS&#038;_nc_ht=scontent-bog1-1.xx&#038;oh=00_AfCYcA3mLT27W67sfgXdymNtmgEeMeYNDogwE4hDMRBb9A&#038;oe=63BC9487\" \/><\/a><\/p>\n","protected":false},"author":1,"featured_media":3160,"comment_status":"open","ping_status":"open","sticky":false,"template":"","format":"standard","meta":[],"categories":[1],"tags":[715,722,182,1060,251,1061,41],"_links":{"self":[{"href":"https:\/\/bomberos.puyo.gob.ec\/2019\/wp-json\/wp\/v2\/posts\/3159"}],"collection":[{"href":"https:\/\/bomberos.puyo.gob.ec\/2019\/wp-json\/wp\/v2\/posts"}],"about":[{"href":"https:\/\/bomberos.puyo.gob.ec\/2019\/wp-json\/wp\/v2\/types\/post"}],"author":[{"embeddable":true,"href":"https:\/\/bomberos.puyo.gob.ec\/2019\/wp-json\/wp\/v2\/users\/1"}],"replies":[{"embeddable":true,"href":"https:\/\/bomberos.puyo.gob.ec\/2019\/wp-json\/wp\/v2\/comments?post=3159"}],"version-history":[{"count":1,"href":"https:\/\/bomberos.puyo.gob.ec\/2019\/wp-json\/wp\/v2\/posts\/3159\/revisions"}],"predecessor-version":[{"id":3161,"href":"https:\/\/bomberos.puyo.gob.ec\/2019\/wp-json\/wp\/v2\/posts\/3159\/revisions\/3161"}],"wp:featuredmedia":[{"embeddable":true,"href":"https:\/\/bomberos.puyo.gob.ec\/2019\/wp-json\/wp\/v2\/media\/3160"}],"wp:attachment":[{"href":"https:\/\/bomberos.puyo.gob.ec\/2019\/wp-json\/wp\/v2\/media?parent=3159"}],"wp:term":[{"taxonomy":"category","embeddable":true,"href":"https:\/\/bomberos.puyo.gob.ec\/2019\/wp-json\/wp\/v2\/categories?post=3159"},{"taxonomy":"post_tag","embeddable":true,"href":"https:\/\/bomberos.puyo.gob.ec\/2019\/wp-json\/wp\/v2\/tags?post=3159"}],"curies":[{"name":"wp","href":"https:\/\/api.w.org\/{rel}","templated":true}]}}