{"id":3156,"date":"2022-03-19T14:56:51","date_gmt":"2022-03-19T19:56:51","guid":{"rendered":"https:\/\/bomberos.puyo.gob.ec\/emergencia-medica-62\/"},"modified":"2023-01-05T17:20:15","modified_gmt":"2023-01-05T22:20:15","slug":"emergencia-medica-62","status":"publish","type":"post","link":"https:\/\/bomberos.puyo.gob.ec\/2019\/emergencia-medica-62\/","title":{"rendered":"|EMERGENCIA M\u00c9DICA|&#8230;"},"content":{"rendered":"<p>|EMERGENCIA M\u00c9DICA|<\/p>\n<p>\ud83d\ude91 Siendo las 21:18pm, por pedido de un morador a la estaci\u00f3n X2 (Vasconez Sevilla) la unidad A3 se dirigi\u00f3 a las calles Antuerios y de Los Marpindos, en el lugar a las 21:20pm se visualiza una persona de sexo masculino de nombre: G. M. B. A. de 25 a\u00f1os de edad de nacionalidad Venezolana recostado de c\u00fabito ventral sobre la calle, se procede a realizar la valoraci\u00f3n donde se cuantifica que no presenta signos vitales producto de heridas producidas por arma de fuego (tres orificios en regi\u00f3n occipital y una en el antebrazo tercio distal m\u00e1s fractura cerrada del mismo. <\/p>\n<p>\ud83d\udc6e\u200d\u2640\ufe0f Se procede a tomar contacto con personal de Polic\u00eda Nacional quedando a cargo de la v\u00edctima.<\/p>\n<p><a href=\"https:\/\/bomberos.puyo.gob.ec\/2019\/wp-content\/uploads\/1672957213_264_EMERGENCIA-MEDICA.jpg\"><img decoding=\"async\" class=\"wp_automatic_fb_img\" title=\"\" src=\"https:\/\/bomberos.puyo.gob.ec\/2019\/wp-content\/uploads\/1672957213_264_EMERGENCIA-MEDICA.jpg\" \/><\/a><br \/><a href=\"https:\/\/bomberos.puyo.gob.ec\/2019\/wp-content\/uploads\/1672957214_423_EMERGENCIA-MEDICA.jpg\"><img decoding=\"async\" class=\"wp_automatic_fb_img\" title=\"\" src=\"https:\/\/bomberos.puyo.gob.ec\/2019\/wp-content\/uploads\/1672957214_423_EMERGENCIA-MEDICA.jpg\" \/><\/a><br \/><a href=\"https:\/\/bomberos.puyo.gob.ec\/2019\/wp-content\/uploads\/1672957214_112_EMERGENCIA-MEDICA.jpg\"><img decoding=\"async\" class=\"wp_automatic_fb_img\" title=\"\" src=\"https:\/\/bomberos.puyo.gob.ec\/2019\/wp-content\/uploads\/1672957214_112_EMERGENCIA-MEDICA.jpg\" \/><\/a><br \/>\n<br \/><a href=\"https:\/\/www.facebook.com\/465093860312824\/posts\/2160352307453629\">en facebook&#8230; <\/a>  <\/p>\n","protected":false},"excerpt":{"rendered":"<p>|EMERGENCIA M\u00c9DICA|<\/p>\n<p>\ud83d\ude91 Siendo las 21:18pm, por pedido de un morador a la estaci\u00f3n X2 (Vasconez Sevilla) la unidad A3 se dirigi\u00f3 a las calles Antuerios y de Los Marpindos, en el lugar a las 21:20pm se visualiza una persona de sexo masculino de nombre: G. M. B. A. de 25 a\u00f1os de edad de nacionalidad Venezolana recostado de c\u00fabito ventral sobre la calle, se procede a realizar la valoraci\u00f3n donde se cuantifica que no presenta signos vitales producto de heridas producidas por arma de fuego (tres orificios en regi\u00f3n occipital y una en el antebrazo tercio distal m\u00e1s fractura cerrada del mismo. <\/p>\n<p>\ud83d\udc6e\u200d\u2640\ufe0f Se procede a tomar contacto con personal de Polic\u00eda Nacional quedando a cargo de la v\u00edctima.<\/p>\n<p><a href=\"https:\/\/scontent.fuio15-1.fna.fbcdn.net\/v\/t39.30808-6\/276300325_2160352214120305_1857582084549483674_n.jpg?_nc_cat=111&#038;ccb=1-7&#038;_nc_sid=8bfeb9&#038;_nc_eui2=AeFiPxe17Z4-V5jMDTeVSFq5RV7x10n5UK1FXvHXSflQrc4H9cBznd6IyC7N5I2TmUXOGqf36bvhHs0rj-v5EtXU&#038;_nc_ohc=7a2G7RnP3JwAX8H47op&#038;_nc_ht=scontent.fuio15-1.fna&#038;oh=00_AfBW6Jh1PezeeXy75NkyWTBXyGq6C43h3Gt-CY0dnZSIcg&#038;oe=63BBACD7\"><img decoding=\"async\" class=\"wp_automatic_fb_img\" title=\"\" src=\"https:\/\/scontent.fuio15-1.fna.fbcdn.net\/v\/t39.30808-6\/276300325_2160352214120305_1857582084549483674_n.jpg?_nc_cat=111&#038;ccb=1-7&#038;_nc_sid=8bfeb9&#038;_nc_eui2=AeFiPxe17Z4-V5jMDTeVSFq5RV7x10n5UK1FXvHXSflQrc4H9cBznd6IyC7N5I2TmUXOGqf36bvhHs0rj-v5EtXU&#038;_nc_ohc=7a2G7RnP3JwAX8H47op&#038;_nc_ht=scontent.fuio15-1.fna&#038;oh=00_AfBW6Jh1PezeeXy75NkyWTBXyGq6C43h3Gt-CY0dnZSIcg&#038;oe=63BBACD7\" \/><\/a><br \/><a href=\"https:\/\/scontent.fuio15-1.fna.fbcdn.net\/v\/t39.30808-6\/276130213_2160352230786970_3530613859771136037_n.jpg?_nc_cat=101&#038;ccb=1-7&#038;_nc_sid=8bfeb9&#038;_nc_eui2=AeGMg859eRETNINvgn1kJqTZ8h7ub9bRhSjyHu5v1tGFKGnlRWHL4SfAeOjUAzsyczeh2yJRyMwO9mPIuyjn6h-h&#038;_nc_ohc=6R_qAmvTIuMAX-7tfSA&#038;_nc_ht=scontent.fuio15-1.fna&#038;oh=00_AfCpmn18yTb4XwfZNGkDr2p4DSbJ-lc8g_mdmbBftiKrdQ&#038;oe=63BBE915\"><img decoding=\"async\" class=\"wp_automatic_fb_img\" title=\"\" src=\"https:\/\/scontent.fuio15-1.fna.fbcdn.net\/v\/t39.30808-6\/276130213_2160352230786970_3530613859771136037_n.jpg?_nc_cat=101&#038;ccb=1-7&#038;_nc_sid=8bfeb9&#038;_nc_eui2=AeGMg859eRETNINvgn1kJqTZ8h7ub9bRhSjyHu5v1tGFKGnlRWHL4SfAeOjUAzsyczeh2yJRyMwO9mPIuyjn6h-h&#038;_nc_ohc=6R_qAmvTIuMAX-7tfSA&#038;_nc_ht=scontent.fuio15-1.fna&#038;oh=00_AfCpmn18yTb4XwfZNGkDr2p4DSbJ-lc8g_mdmbBftiKrdQ&#038;oe=63BBE915\" \/><\/a><br \/><a href=\"https:\/\/scontent.fuio15-1.fna.fbcdn.net\/v\/t39.30808-6\/276304188_2160352240786969_4467207759380659445_n.jpg?_nc_cat=105&#038;ccb=1-7&#038;_nc_sid=8bfeb9&#038;_nc_eui2=AeGvTYgsCdN97jQG5BjWJmn1k2q3m23en_GTarebbd6f8QyYRerQYvAkGiQByJ7McDBrGDov8mafpbkm0jOOhWSA&#038;_nc_ohc=1j-gDCKWOUwAX_grvMy&#038;_nc_ht=scontent.fuio15-1.fna&#038;oh=00_AfBEw0NzXvHDJ9-zYLS3TZr0BbwBSryUDucsLTHhYEzM5g&#038;oe=63BBC56E\"><img decoding=\"async\" class=\"wp_automatic_fb_img\" title=\"\" src=\"https:\/\/scontent.fuio15-1.fna.fbcdn.net\/v\/t39.30808-6\/276304188_2160352240786969_4467207759380659445_n.jpg?_nc_cat=105&#038;ccb=1-7&#038;_nc_sid=8bfeb9&#038;_nc_eui2=AeGvTYgsCdN97jQG5BjWJmn1k2q3m23en_GTarebbd6f8QyYRerQYvAkGiQByJ7McDBrGDov8mafpbkm0jOOhWSA&#038;_nc_ohc=1j-gDCKWOUwAX_grvMy&#038;_nc_ht=scontent.fuio15-1.fna&#038;oh=00_AfBEw0NzXvHDJ9-zYLS3TZr0BbwBSryUDucsLTHhYEzM5g&#038;oe=63BBC56E\" \/><\/a><\/p>\n","protected":false},"author":1,"featured_media":3157,"comment_status":"open","ping_status":"open","sticky":false,"template":"","format":"standard","meta":[],"categories":[1],"tags":[182,251],"_links":{"self":[{"href":"https:\/\/bomberos.puyo.gob.ec\/2019\/wp-json\/wp\/v2\/posts\/3156"}],"collection":[{"href":"https:\/\/bomberos.puyo.gob.ec\/2019\/wp-json\/wp\/v2\/posts"}],"about":[{"href":"https:\/\/bomberos.puyo.gob.ec\/2019\/wp-json\/wp\/v2\/types\/post"}],"author":[{"embeddable":true,"href":"https:\/\/bomberos.puyo.gob.ec\/2019\/wp-json\/wp\/v2\/users\/1"}],"replies":[{"embeddable":true,"href":"https:\/\/bomberos.puyo.gob.ec\/2019\/wp-json\/wp\/v2\/comments?post=3156"}],"version-history":[{"count":1,"href":"https:\/\/bomberos.puyo.gob.ec\/2019\/wp-json\/wp\/v2\/posts\/3156\/revisions"}],"predecessor-version":[{"id":3158,"href":"https:\/\/bomberos.puyo.gob.ec\/2019\/wp-json\/wp\/v2\/posts\/3156\/revisions\/3158"}],"wp:featuredmedia":[{"embeddable":true,"href":"https:\/\/bomberos.puyo.gob.ec\/2019\/wp-json\/wp\/v2\/media\/3157"}],"wp:attachment":[{"href":"https:\/\/bomberos.puyo.gob.ec\/2019\/wp-json\/wp\/v2\/media?parent=3156"}],"wp:term":[{"taxonomy":"category","embeddable":true,"href":"https:\/\/bomberos.puyo.gob.ec\/2019\/wp-json\/wp\/v2\/categories?post=3156"},{"taxonomy":"post_tag","embeddable":true,"href":"https:\/\/bomberos.puyo.gob.ec\/2019\/wp-json\/wp\/v2\/tags?post=3156"}],"curies":[{"name":"wp","href":"https:\/\/api.w.org\/{rel}","templated":true}]}}