{"id":3150,"date":"2022-03-20T19:32:41","date_gmt":"2022-03-21T00:32:41","guid":{"rendered":"https:\/\/bomberos.puyo.gob.ec\/emergencia-medica-61\/"},"modified":"2023-01-05T14:12:01","modified_gmt":"2023-01-05T19:12:01","slug":"emergencia-medica-61","status":"publish","type":"post","link":"https:\/\/bomberos.puyo.gob.ec\/2019\/emergencia-medica-61\/","title":{"rendered":"|EMERGENCIA M\u00c9DICA|&#8230;"},"content":{"rendered":"<p>|EMERGENCIA M\u00c9DICA|<\/p>\n<p>La unidad A3 &#8211; A5 &#8211; B3 y R3 se dirigi\u00f3 a una emergencia en el sector del paseo turistico del barrio Obrero, el lugar se atiende a 7 pacientes entre ni\u00f1os y adultos los mismos que sufrieron la ca\u00edda de una altura de aproximadamente 3 metros, por el colapso del segundo puente colgante sobre el r\u00edo Puyo, los pacientes quienes fueron rescatados por varias personas que transitaban por el lugar coloc\u00e1ndolos a la orilla del r\u00edo hasta la llegada del personal.<\/p>\n<p>El personal bomberil los valora y estabiliza para posteriormente ser movilizados hasta el malec\u00f3n donde esperaban las unidades para trasladarlos a las diferentes casas de salud:<br \/>\nHospital General Puyo y Hospital del IESS Puyo.<\/p>\n<p>PACIENTES ATENDIDOS:<br \/>\nEn la unidad A5: R. S. de 60 a\u00f1os de edad Politraumatismos y E. G. de 23 a\u00f1os de edad posible luxaci\u00f3n de tobillo.<br \/>\nEn la unidad A3: L. A. de 28 a\u00f1os de edad.<\/p>\n<p><a href=\"https:\/\/bomberos.puyo.gob.ec\/2019\/wp-content\/uploads\/1672945919_886_EMERGENCIA-MEDICA.jpg\"><img decoding=\"async\" class=\"wp_automatic_fb_img\" title=\"\" src=\"https:\/\/bomberos.puyo.gob.ec\/2019\/wp-content\/uploads\/1672945919_886_EMERGENCIA-MEDICA.jpg\" \/><\/a><br \/><a href=\"https:\/\/bomberos.puyo.gob.ec\/2019\/wp-content\/uploads\/1672945919_181_EMERGENCIA-MEDICA.jpg\"><img decoding=\"async\" class=\"wp_automatic_fb_img\" title=\"\" src=\"https:\/\/bomberos.puyo.gob.ec\/2019\/wp-content\/uploads\/1672945919_181_EMERGENCIA-MEDICA.jpg\" \/><\/a><br \/>\n<br \/><a href=\"https:\/\/www.facebook.com\/465093860312824\/posts\/2161215574033969\">en facebook&#8230; <\/a>  <\/p>\n","protected":false},"excerpt":{"rendered":"<p>|EMERGENCIA M\u00c9DICA|<\/p>\n<p>La unidad A3 &#8211; A5 &#8211; B3 y R3 se dirigi\u00f3 a una emergencia en el sector del paseo turistico del barrio Obrero, el lugar se atiende a 7 pacientes entre ni\u00f1os y adultos los mismos que sufrieron la ca\u00edda de una altura de aproximadamente 3 metros, por el colapso del segundo puente colgante sobre el r\u00edo Puyo, los pacientes quienes fueron rescatados por varias personas que transitaban por el lugar coloc\u00e1ndolos a la orilla del r\u00edo hasta la llegada del personal.<\/p>\n<p>El personal bomberil los valora y estabiliza para posteriormente ser movilizados hasta el malec\u00f3n donde esperaban las unidades para trasladarlos a las diferentes casas de salud:<br \/>\nHospital General Puyo y Hospital del IESS Puyo.<\/p>\n<p>PACIENTES ATENDIDOS:<br \/>\nEn la unidad A5: R. S. de 60 a\u00f1os de edad Politraumatismos y E. G. de 23 a\u00f1os de edad posible luxaci\u00f3n de tobillo.<br \/>\nEn la unidad A3: L. A. de 28 a\u00f1os de edad.<\/p>\n<p><a href=\"https:\/\/scontent.fuio15-1.fna.fbcdn.net\/v\/t39.30808-6\/276995389_2161215514033975_945794626471272283_n.jpg?_nc_cat=101&#038;ccb=1-7&#038;_nc_sid=8bfeb9&#038;_nc_eui2=AeGGVCddmm7bDobB5bBOcynVI7Rp37aA97AjtGnftoD3sNUTwrjpqDLQc14tHVQR35JprnS0zQyPlVyduov9UnFQ&#038;_nc_ohc=_lCZWH6L9z0AX-l6wGH&#038;_nc_ht=scontent.fuio15-1.fna&#038;oh=00_AfB22BAde4d2TGksglC2gHg9P2ynLgwcr5JvaIX_Dx6rNg&#038;oe=63BB7E8C\"><img decoding=\"async\" class=\"wp_automatic_fb_img\" title=\"\" src=\"https:\/\/scontent.fuio15-1.fna.fbcdn.net\/v\/t39.30808-6\/276995389_2161215514033975_945794626471272283_n.jpg?_nc_cat=101&#038;ccb=1-7&#038;_nc_sid=8bfeb9&#038;_nc_eui2=AeGGVCddmm7bDobB5bBOcynVI7Rp37aA97AjtGnftoD3sNUTwrjpqDLQc14tHVQR35JprnS0zQyPlVyduov9UnFQ&#038;_nc_ohc=_lCZWH6L9z0AX-l6wGH&#038;_nc_ht=scontent.fuio15-1.fna&#038;oh=00_AfB22BAde4d2TGksglC2gHg9P2ynLgwcr5JvaIX_Dx6rNg&#038;oe=63BB7E8C\" \/><\/a><br \/><a href=\"https:\/\/scontent.fuio15-1.fna.fbcdn.net\/v\/t39.30808-6\/276316135_2161215527367307_8561378031897153447_n.jpg?_nc_cat=105&#038;ccb=1-7&#038;_nc_sid=8bfeb9&#038;_nc_eui2=AeG58MkgrfBe_kJUPTyA__TUTJbPQrsV0nNMls9CuxXSc8s6PyYRZNVIcaHwtYUVRtO9ebn6JFzBNzy3aDHDCFtk&#038;_nc_ohc=XjiAlw9xDzcAX-6ny1a&#038;_nc_ht=scontent.fuio15-1.fna&#038;oh=00_AfDTWbjlqvrLUF_6aC7IYujzf2kSk3GR6Tm3y97qlOo7Ow&#038;oe=63BC0A29\"><img decoding=\"async\" class=\"wp_automatic_fb_img\" title=\"\" src=\"https:\/\/scontent.fuio15-1.fna.fbcdn.net\/v\/t39.30808-6\/276316135_2161215527367307_8561378031897153447_n.jpg?_nc_cat=105&#038;ccb=1-7&#038;_nc_sid=8bfeb9&#038;_nc_eui2=AeG58MkgrfBe_kJUPTyA__TUTJbPQrsV0nNMls9CuxXSc8s6PyYRZNVIcaHwtYUVRtO9ebn6JFzBNzy3aDHDCFtk&#038;_nc_ohc=XjiAlw9xDzcAX-6ny1a&#038;_nc_ht=scontent.fuio15-1.fna&#038;oh=00_AfDTWbjlqvrLUF_6aC7IYujzf2kSk3GR6Tm3y97qlOo7Ow&#038;oe=63BC0A29\" \/><\/a><\/p>\n","protected":false},"author":1,"featured_media":3151,"comment_status":"open","ping_status":"open","sticky":false,"template":"","format":"standard","meta":[],"categories":[1],"tags":[182,251],"_links":{"self":[{"href":"https:\/\/bomberos.puyo.gob.ec\/2019\/wp-json\/wp\/v2\/posts\/3150"}],"collection":[{"href":"https:\/\/bomberos.puyo.gob.ec\/2019\/wp-json\/wp\/v2\/posts"}],"about":[{"href":"https:\/\/bomberos.puyo.gob.ec\/2019\/wp-json\/wp\/v2\/types\/post"}],"author":[{"embeddable":true,"href":"https:\/\/bomberos.puyo.gob.ec\/2019\/wp-json\/wp\/v2\/users\/1"}],"replies":[{"embeddable":true,"href":"https:\/\/bomberos.puyo.gob.ec\/2019\/wp-json\/wp\/v2\/comments?post=3150"}],"version-history":[{"count":1,"href":"https:\/\/bomberos.puyo.gob.ec\/2019\/wp-json\/wp\/v2\/posts\/3150\/revisions"}],"predecessor-version":[{"id":3152,"href":"https:\/\/bomberos.puyo.gob.ec\/2019\/wp-json\/wp\/v2\/posts\/3150\/revisions\/3152"}],"wp:featuredmedia":[{"embeddable":true,"href":"https:\/\/bomberos.puyo.gob.ec\/2019\/wp-json\/wp\/v2\/media\/3151"}],"wp:attachment":[{"href":"https:\/\/bomberos.puyo.gob.ec\/2019\/wp-json\/wp\/v2\/media?parent=3150"}],"wp:term":[{"taxonomy":"category","embeddable":true,"href":"https:\/\/bomberos.puyo.gob.ec\/2019\/wp-json\/wp\/v2\/categories?post=3150"},{"taxonomy":"post_tag","embeddable":true,"href":"https:\/\/bomberos.puyo.gob.ec\/2019\/wp-json\/wp\/v2\/tags?post=3150"}],"curies":[{"name":"wp","href":"https:\/\/api.w.org\/{rel}","templated":true}]}}