{"id":3138,"date":"2022-03-22T19:31:12","date_gmt":"2022-03-23T00:31:12","guid":{"rendered":"https:\/\/bomberos.puyo.gob.ec\/emergencia-medica-59\/"},"modified":"2023-01-05T08:58:01","modified_gmt":"2023-01-05T13:58:01","slug":"emergencia-medica-59","status":"publish","type":"post","link":"https:\/\/bomberos.puyo.gob.ec\/2019\/emergencia-medica-59\/","title":{"rendered":"|EMERGENCIA M\u00c9DICA|&#8230;"},"content":{"rendered":"<p>|EMERGENCIA M\u00c9DICA|<\/p>\n<p>La unidad A3 se dirige al barrio La Merced Frente a la Estacion X1 del cuerpo de Bomberos, en el punto se atiende a un paciente de nombre: N. G. A. de 40 a\u00f1os de edad, mismo que presenta Alitosis Similar al Alcohol m\u00e1s Politraumatismos por accidente de tr\u00e1nsito en moto, luego de la respectiva valoraci\u00f3n, es trasladado al Hospital General Puyo, donde lo recibe el m\u00e9dico de turno.<\/p>\n<p><a href=\"https:\/\/bomberos.puyo.gob.ec\/2019\/wp-content\/uploads\/1672927058_107_EMERGENCIA-MEDICA.jpg\"><img decoding=\"async\" class=\"wp_automatic_fb_img\" title=\"\" src=\"https:\/\/bomberos.puyo.gob.ec\/2019\/wp-content\/uploads\/1672927058_107_EMERGENCIA-MEDICA.jpg\" \/><\/a><br \/>\n<br \/><a href=\"https:\/\/www.facebook.com\/465093860312824\/posts\/2162651207223739\">en facebook&#8230; <\/a>  <\/p>\n","protected":false},"excerpt":{"rendered":"<p>|EMERGENCIA M\u00c9DICA|<\/p>\n<p>La unidad A3 se dirige al barrio La Merced Frente a la Estacion X1 del cuerpo de Bomberos, en el punto se atiende a un paciente de nombre: N. G. A. de 40 a\u00f1os de edad, mismo que presenta Alitosis Similar al Alcohol m\u00e1s Politraumatismos por accidente de tr\u00e1nsito en moto, luego de la respectiva valoraci\u00f3n, es trasladado al Hospital General Puyo, donde lo recibe el m\u00e9dico de turno.<\/p>\n<p><a href=\"https:\/\/scontent.fuio15-1.fna.fbcdn.net\/v\/t39.30808-6\/277171751_2162618177227042_2558309409961596905_n.jpg?stp=dst-jpg_s640x640&#038;_nc_cat=109&#038;ccb=1-7&#038;_nc_sid=8bfeb9&#038;_nc_eui2=AeHl1w6RVi83X2CoUwmXtj1Kdz9KWbLTKKZ3P0pZstMopjX9di77uO3_RMqrVg36jT7B84XADflb2srcYKAsN3Je&#038;_nc_ohc=BTgpAdt8xfsAX_aJl_o&#038;_nc_ht=scontent.fuio15-1.fna&#038;oh=00_AfBqmTJyQpWh0Z77v-JQDe-He2MTWc3nMSDrhErVnNhD6A&#038;oe=63BC2BCE\"><img decoding=\"async\" class=\"wp_automatic_fb_img\" title=\"\" src=\"https:\/\/scontent.fuio15-1.fna.fbcdn.net\/v\/t39.30808-6\/277171751_2162618177227042_2558309409961596905_n.jpg?stp=dst-jpg_s640x640&#038;_nc_cat=109&#038;ccb=1-7&#038;_nc_sid=8bfeb9&#038;_nc_eui2=AeHl1w6RVi83X2CoUwmXtj1Kdz9KWbLTKKZ3P0pZstMopjX9di77uO3_RMqrVg36jT7B84XADflb2srcYKAsN3Je&#038;_nc_ohc=BTgpAdt8xfsAX_aJl_o&#038;_nc_ht=scontent.fuio15-1.fna&#038;oh=00_AfBqmTJyQpWh0Z77v-JQDe-He2MTWc3nMSDrhErVnNhD6A&#038;oe=63BC2BCE\" \/><\/a><\/p>\n","protected":false},"author":1,"featured_media":3139,"comment_status":"open","ping_status":"open","sticky":false,"template":"","format":"standard","meta":[],"categories":[1],"tags":[182,251],"_links":{"self":[{"href":"https:\/\/bomberos.puyo.gob.ec\/2019\/wp-json\/wp\/v2\/posts\/3138"}],"collection":[{"href":"https:\/\/bomberos.puyo.gob.ec\/2019\/wp-json\/wp\/v2\/posts"}],"about":[{"href":"https:\/\/bomberos.puyo.gob.ec\/2019\/wp-json\/wp\/v2\/types\/post"}],"author":[{"embeddable":true,"href":"https:\/\/bomberos.puyo.gob.ec\/2019\/wp-json\/wp\/v2\/users\/1"}],"replies":[{"embeddable":true,"href":"https:\/\/bomberos.puyo.gob.ec\/2019\/wp-json\/wp\/v2\/comments?post=3138"}],"version-history":[{"count":1,"href":"https:\/\/bomberos.puyo.gob.ec\/2019\/wp-json\/wp\/v2\/posts\/3138\/revisions"}],"predecessor-version":[{"id":3140,"href":"https:\/\/bomberos.puyo.gob.ec\/2019\/wp-json\/wp\/v2\/posts\/3138\/revisions\/3140"}],"wp:featuredmedia":[{"embeddable":true,"href":"https:\/\/bomberos.puyo.gob.ec\/2019\/wp-json\/wp\/v2\/media\/3139"}],"wp:attachment":[{"href":"https:\/\/bomberos.puyo.gob.ec\/2019\/wp-json\/wp\/v2\/media?parent=3138"}],"wp:term":[{"taxonomy":"category","embeddable":true,"href":"https:\/\/bomberos.puyo.gob.ec\/2019\/wp-json\/wp\/v2\/categories?post=3138"},{"taxonomy":"post_tag","embeddable":true,"href":"https:\/\/bomberos.puyo.gob.ec\/2019\/wp-json\/wp\/v2\/tags?post=3138"}],"curies":[{"name":"wp","href":"https:\/\/api.w.org\/{rel}","templated":true}]}}