{"id":3133,"date":"2022-03-23T15:12:04","date_gmt":"2022-03-23T20:12:04","guid":{"rendered":"https:\/\/bomberos.puyo.gob.ec\/emergencia-medica-58\/"},"modified":"2023-01-05T06:52:34","modified_gmt":"2023-01-05T11:52:34","slug":"emergencia-medica-58","status":"publish","type":"post","link":"https:\/\/bomberos.puyo.gob.ec\/2019\/emergencia-medica-58\/","title":{"rendered":"|EMERGENCIA M\u00c9DICA|&#8230;"},"content":{"rendered":"<p>|EMERGENCIA M\u00c9DICA|<\/p>\n<p>\ud83d\ude91 La unidad A5 se dirigi\u00f3 a las calles Francisco de Orellana y Amazonas en el barrio Mariscal, en el punto se atendi\u00f3 a una paciente de nombre: C. T. C. de 25 a\u00f1os de edad, misma que presenta Embarazo de 19 semanas de gestaci\u00f3n con amenaza de aborto por una ca\u00edda de su propia altura. <\/p>\n<p>\ud83c\udfe5 Luego de la respectiva valoraci\u00f3n es trasladada al Hospital General Puyo donde queda a cargo del m\u00e9dico de Turno.<\/p>\n<p><a href=\"https:\/\/bomberos.puyo.gob.ec\/2019\/wp-content\/uploads\/1672919552_536_EMERGENCIA-MEDICA.jpg\"><img decoding=\"async\" class=\"wp_automatic_fb_img\" title=\"\" src=\"https:\/\/bomberos.puyo.gob.ec\/2019\/wp-content\/uploads\/1672919552_536_EMERGENCIA-MEDICA.jpg\" \/><\/a><br \/>\n<br \/><a href=\"https:\/\/www.facebook.com\/465093860312824\/posts\/2163251370497056\">en facebook&#8230; <\/a>  <\/p>\n","protected":false},"excerpt":{"rendered":"<p>|EMERGENCIA M\u00c9DICA|<\/p>\n<p>\ud83d\ude91 La unidad A5 se dirigi\u00f3 a las calles Francisco de Orellana y Amazonas en el barrio Mariscal, en el punto se atendi\u00f3 a una paciente de nombre: C. T. C. de 25 a\u00f1os de edad, misma que presenta Embarazo de 19 semanas de gestaci\u00f3n con amenaza de aborto por una ca\u00edda de su propia altura. <\/p>\n<p>\ud83c\udfe5 Luego de la respectiva valoraci\u00f3n es trasladada al Hospital General Puyo donde queda a cargo del m\u00e9dico de Turno.<\/p>\n<p><a href=\"https:\/\/scontent.fuio15-1.fna.fbcdn.net\/v\/t39.30808-6\/277218865_2163251327163727_3221107475475263016_n.jpg?stp=dst-jpg_s720x720&#038;_nc_cat=103&#038;ccb=1-7&#038;_nc_sid=8bfeb9&#038;_nc_eui2=AeFBM-AbOT7vfNdl8GuN5u-g19I_SZk0ypzX0j9JmTTKnO68Lidh8E0JxaoPFiFNddcYsdtqFw2e8w-aSG1iW7ho&#038;_nc_ohc=pqsE5_Zrt70AX80Nf8b&#038;_nc_ht=scontent.fuio15-1.fna&#038;oh=00_AfChhCzh6aPN4LT5AZQsob7UwifF9fazjwaI2Tn-ENzYqQ&#038;oe=63BADBB3\"><img decoding=\"async\" class=\"wp_automatic_fb_img\" title=\"\" src=\"https:\/\/scontent.fuio15-1.fna.fbcdn.net\/v\/t39.30808-6\/277218865_2163251327163727_3221107475475263016_n.jpg?stp=dst-jpg_s720x720&#038;_nc_cat=103&#038;ccb=1-7&#038;_nc_sid=8bfeb9&#038;_nc_eui2=AeFBM-AbOT7vfNdl8GuN5u-g19I_SZk0ypzX0j9JmTTKnO68Lidh8E0JxaoPFiFNddcYsdtqFw2e8w-aSG1iW7ho&#038;_nc_ohc=pqsE5_Zrt70AX80Nf8b&#038;_nc_ht=scontent.fuio15-1.fna&#038;oh=00_AfChhCzh6aPN4LT5AZQsob7UwifF9fazjwaI2Tn-ENzYqQ&#038;oe=63BADBB3\" \/><\/a><\/p>\n","protected":false},"author":1,"featured_media":3134,"comment_status":"open","ping_status":"open","sticky":false,"template":"","format":"standard","meta":[],"categories":[1],"tags":[182,251],"_links":{"self":[{"href":"https:\/\/bomberos.puyo.gob.ec\/2019\/wp-json\/wp\/v2\/posts\/3133"}],"collection":[{"href":"https:\/\/bomberos.puyo.gob.ec\/2019\/wp-json\/wp\/v2\/posts"}],"about":[{"href":"https:\/\/bomberos.puyo.gob.ec\/2019\/wp-json\/wp\/v2\/types\/post"}],"author":[{"embeddable":true,"href":"https:\/\/bomberos.puyo.gob.ec\/2019\/wp-json\/wp\/v2\/users\/1"}],"replies":[{"embeddable":true,"href":"https:\/\/bomberos.puyo.gob.ec\/2019\/wp-json\/wp\/v2\/comments?post=3133"}],"version-history":[{"count":1,"href":"https:\/\/bomberos.puyo.gob.ec\/2019\/wp-json\/wp\/v2\/posts\/3133\/revisions"}],"predecessor-version":[{"id":3135,"href":"https:\/\/bomberos.puyo.gob.ec\/2019\/wp-json\/wp\/v2\/posts\/3133\/revisions\/3135"}],"wp:featuredmedia":[{"embeddable":true,"href":"https:\/\/bomberos.puyo.gob.ec\/2019\/wp-json\/wp\/v2\/media\/3134"}],"wp:attachment":[{"href":"https:\/\/bomberos.puyo.gob.ec\/2019\/wp-json\/wp\/v2\/media?parent=3133"}],"wp:term":[{"taxonomy":"category","embeddable":true,"href":"https:\/\/bomberos.puyo.gob.ec\/2019\/wp-json\/wp\/v2\/categories?post=3133"},{"taxonomy":"post_tag","embeddable":true,"href":"https:\/\/bomberos.puyo.gob.ec\/2019\/wp-json\/wp\/v2\/tags?post=3133"}],"curies":[{"name":"wp","href":"https:\/\/api.w.org\/{rel}","templated":true}]}}