{"id":3125,"date":"2022-03-24T14:13:15","date_gmt":"2022-03-24T19:13:15","guid":{"rendered":"https:\/\/bomberos.puyo.gob.ec\/emergencia-medica-la-unidad-a5-se-dirigio-al-barrio-la-merced-en-el-se-ati\/"},"modified":"2023-01-05T02:37:25","modified_gmt":"2023-01-05T07:37:25","slug":"emergencia-medica-la-unidad-a5-se-dirigio-al-barrio-la-merced-en-el-se-ati","status":"publish","type":"post","link":"https:\/\/bomberos.puyo.gob.ec\/2019\/emergencia-medica-la-unidad-a5-se-dirigio-al-barrio-la-merced-en-el-se-ati\/","title":{"rendered":"|EMERGENCIA M\u00c9DICA|\n La unidad A5 se dirigi\u00f3 al barrio La Merced, en el se ati&#8230;"},"content":{"rendered":"<div><span><\/p>\n<p>|EMERGENCIA M\u00c9DICA|<\/p>\n<p> La unidad A5 se dirigi\u00f3 al barrio La Merced, en el se atiende a un paciente de nombre: Q. L.  de 52 a\u00f1os de edad, mismo que presenta una fractura cerrada de f\u00e9mur derecho, producto de un atropellamiento, es tratado y trasladado al Hospital General Puyo.<\/p>\n<p><\/span><\/div>\n<p><a href=\"https:\/\/facebook.com\/story.php?story_fbid=pfbid02szbZ1DWaZ3XpDNLHNNLA5MVpQt4iEimuZTvDM7NFm1y9n6vGXGFEEVJdeTDguhtHl&amp;id=465093860312824&amp;eav=AfYsWXo5fEDy9pBrLaBzaySl66UoO-wjzOCAR6es6c4h6E7oMoxB6_D9ARkBYeU9wTI&amp;viewer=465093860312824&amp;m_entstream_source=timeline&amp;__tn__=%2As%2As-R&amp;paipv=1\" aria-label=\"Abrir historia\" class=\"_5msj\"><\/a><\/p>\n<p><a href=\"https:\/\/bomberos.puyo.gob.ec\/2019\/wp-content\/uploads\/EMERGENCIA-MEDICA-La-unidad-A5-se-dirigio-al-barrio-La.jpg\"><img decoding=\"async\" class=\"wp_automatic_fb_img\" title=\"\" src=\"https:\/\/bomberos.puyo.gob.ec\/2019\/wp-content\/uploads\/EMERGENCIA-MEDICA-La-unidad-A5-se-dirigio-al-barrio-La.jpg\" \/><\/a><br \/>\n<br \/><a href=\"https:\/\/www.facebook.com\/465093860312824\/posts\/2163945503760976\">en facebook&#8230; <\/a>  <\/p>\n","protected":false},"excerpt":{"rendered":"<div><span><\/p>\n<p>|EMERGENCIA M\u00c9DICA|<\/p>\n<p> La unidad A5 se dirigi\u00f3 al barrio La Merced, en el se atiende a un paciente de nombre: Q. L.  de 52 a\u00f1os de edad, mismo que presenta una fractura cerrada de f\u00e9mur derecho, producto de un atropellamiento, es tratado y trasladado al Hospital General Puyo.<\/p>\n<p><\/span><\/div>\n<p><a href=\"https:\/\/facebook.com\/story.php?story_fbid=pfbid02szbZ1DWaZ3XpDNLHNNLA5MVpQt4iEimuZTvDM7NFm1y9n6vGXGFEEVJdeTDguhtHl&amp;id=465093860312824&amp;eav=AfYsWXo5fEDy9pBrLaBzaySl66UoO-wjzOCAR6es6c4h6E7oMoxB6_D9ARkBYeU9wTI&amp;viewer=465093860312824&amp;m_entstream_source=timeline&amp;__tn__=%2As%2As-R&amp;paipv=1\" aria-label=\"Abrir historia\" class=\"_5msj\"><\/a><\/p>\n<p><a href=\"https:\/\/scontent.fuio15-1.fna.fbcdn.net\/v\/t39.30808-6\/277348555_2163945473760979_1406782062088870274_n.jpg?stp=dst-jpg_s720x720&#038;_nc_cat=104&#038;ccb=1-7&#038;_nc_sid=8bfeb9&#038;_nc_eui2=AeGm8DD8jugYKFbL3LkCwlMeTzIlUZDQs9lPMiVRkNCz2WTJYtuSoh_6AzZ6z5VJdEkE7K91JCjDcjhklqxplAeZ&#038;_nc_ohc=Ma4LJcf8W9YAX-CxbxQ&#038;_nc_ht=scontent.fuio15-1.fna&#038;oh=00_AfD5RveYpPFU0qO4ulQS1GrqU3nX-8ZD1Twzbx2qySKELA&#038;oe=63BB0B40\"><img decoding=\"async\" class=\"wp_automatic_fb_img\" title=\"\" src=\"https:\/\/scontent.fuio15-1.fna.fbcdn.net\/v\/t39.30808-6\/277348555_2163945473760979_1406782062088870274_n.jpg?stp=dst-jpg_s720x720&#038;_nc_cat=104&#038;ccb=1-7&#038;_nc_sid=8bfeb9&#038;_nc_eui2=AeGm8DD8jugYKFbL3LkCwlMeTzIlUZDQs9lPMiVRkNCz2WTJYtuSoh_6AzZ6z5VJdEkE7K91JCjDcjhklqxplAeZ&#038;_nc_ohc=Ma4LJcf8W9YAX-CxbxQ&#038;_nc_ht=scontent.fuio15-1.fna&#038;oh=00_AfD5RveYpPFU0qO4ulQS1GrqU3nX-8ZD1Twzbx2qySKELA&#038;oe=63BB0B40\" \/><\/a><\/p>\n","protected":false},"author":1,"featured_media":3126,"comment_status":"open","ping_status":"open","sticky":false,"template":"","format":"standard","meta":[],"categories":[1],"tags":[1056,408,722,182,251,761,41],"_links":{"self":[{"href":"https:\/\/bomberos.puyo.gob.ec\/2019\/wp-json\/wp\/v2\/posts\/3125"}],"collection":[{"href":"https:\/\/bomberos.puyo.gob.ec\/2019\/wp-json\/wp\/v2\/posts"}],"about":[{"href":"https:\/\/bomberos.puyo.gob.ec\/2019\/wp-json\/wp\/v2\/types\/post"}],"author":[{"embeddable":true,"href":"https:\/\/bomberos.puyo.gob.ec\/2019\/wp-json\/wp\/v2\/users\/1"}],"replies":[{"embeddable":true,"href":"https:\/\/bomberos.puyo.gob.ec\/2019\/wp-json\/wp\/v2\/comments?post=3125"}],"version-history":[{"count":1,"href":"https:\/\/bomberos.puyo.gob.ec\/2019\/wp-json\/wp\/v2\/posts\/3125\/revisions"}],"predecessor-version":[{"id":3127,"href":"https:\/\/bomberos.puyo.gob.ec\/2019\/wp-json\/wp\/v2\/posts\/3125\/revisions\/3127"}],"wp:featuredmedia":[{"embeddable":true,"href":"https:\/\/bomberos.puyo.gob.ec\/2019\/wp-json\/wp\/v2\/media\/3126"}],"wp:attachment":[{"href":"https:\/\/bomberos.puyo.gob.ec\/2019\/wp-json\/wp\/v2\/media?parent=3125"}],"wp:term":[{"taxonomy":"category","embeddable":true,"href":"https:\/\/bomberos.puyo.gob.ec\/2019\/wp-json\/wp\/v2\/categories?post=3125"},{"taxonomy":"post_tag","embeddable":true,"href":"https:\/\/bomberos.puyo.gob.ec\/2019\/wp-json\/wp\/v2\/tags?post=3125"}],"curies":[{"name":"wp","href":"https:\/\/api.w.org\/{rel}","templated":true}]}}