{"id":3116,"date":"2022-03-26T07:00:53","date_gmt":"2022-03-26T12:00:53","guid":{"rendered":"https:\/\/bomberos.puyo.gob.ec\/emergencia-medica-la-unidad-a5-se-dirigio-a-las-calles-ceslao-marin-y-jose\/"},"modified":"2023-01-04T22:30:16","modified_gmt":"2023-01-05T03:30:16","slug":"emergencia-medica-la-unidad-a5-se-dirigio-a-las-calles-ceslao-marin-y-jose","status":"publish","type":"post","link":"https:\/\/bomberos.puyo.gob.ec\/2019\/emergencia-medica-la-unidad-a5-se-dirigio-a-las-calles-ceslao-marin-y-jose\/","title":{"rendered":"|EMERGENCIA M\u00c9DICA|\n La unidad A5 se dirigi\u00f3 a las calles Ceslao Marin y Jos\u00e9 &#8230;"},"content":{"rendered":"<div><span><\/p>\n<p>|EMERGENCIA M\u00c9DICA|<\/p>\n<p> La unidad A5 se dirigi\u00f3 a las calles Ceslao Marin y Jos\u00e9 Vargas, en el punto se atiende a un paciente de nombre: C. R. de 62  a\u00f1os de edad, misma que presenta una herida contusa en el tercio medio de tibia y peron\u00e9 izquierda, luego de la respectiva valoraci\u00f3n es trasladada al Hospital del IESS Puyo.<\/p>\n<p><\/span><\/div>\n<p><a href=\"https:\/\/facebook.com\/story.php?story_fbid=pfbid0LPPwHDnkXz1rvk3e9DpCXuBozeR3gKD8MYhAS8vwjWuKfwqjgo9KqWG51Y6E7tG7l&amp;id=465093860312824&amp;eav=AfaL5YgKallDPwNduB7R0u9aJ4US9GuVxAmQvpJUli1CH4MDuoio_4RZoubQOzYRPPw&amp;viewer=465093860312824&amp;m_entstream_source=timeline&amp;__tn__=%2As%2As-R&amp;paipv=1\" aria-label=\"Abrir historia\" class=\"_5msj\"><\/a><\/p>\n<p><a href=\"https:\/\/bomberos.puyo.gob.ec\/2019\/wp-content\/uploads\/1672889416_815_EMERGENCIA-MEDICA-La-unidad-A5-se-dirigio-a-las-calles.jpg\"><img decoding=\"async\" class=\"wp_automatic_fb_img\" title=\"\" src=\"https:\/\/bomberos.puyo.gob.ec\/2019\/wp-content\/uploads\/1672889416_815_EMERGENCIA-MEDICA-La-unidad-A5-se-dirigio-a-las-calles.jpg\" \/><\/a><br \/>\n<br \/><a href=\"https:\/\/www.facebook.com\/465093860312824\/posts\/2165194763636050\">en facebook&#8230; <\/a>  <\/p>\n","protected":false},"excerpt":{"rendered":"<div><span><\/p>\n<p>|EMERGENCIA M\u00c9DICA|<\/p>\n<p> La unidad A5 se dirigi\u00f3 a las calles Ceslao Marin y Jos\u00e9 Vargas, en el punto se atiende a un paciente de nombre: C. R. de 62  a\u00f1os de edad, misma que presenta una herida contusa en el tercio medio de tibia y peron\u00e9 izquierda, luego de la respectiva valoraci\u00f3n es trasladada al Hospital del IESS Puyo.<\/p>\n<p><\/span><\/div>\n<p><a href=\"https:\/\/facebook.com\/story.php?story_fbid=pfbid0LPPwHDnkXz1rvk3e9DpCXuBozeR3gKD8MYhAS8vwjWuKfwqjgo9KqWG51Y6E7tG7l&amp;id=465093860312824&amp;eav=AfaL5YgKallDPwNduB7R0u9aJ4US9GuVxAmQvpJUli1CH4MDuoio_4RZoubQOzYRPPw&amp;viewer=465093860312824&amp;m_entstream_source=timeline&amp;__tn__=%2As%2As-R&amp;paipv=1\" aria-label=\"Abrir historia\" class=\"_5msj\"><\/a><\/p>\n<p><a href=\"https:\/\/scontent.fuio15-1.fna.fbcdn.net\/v\/t39.30808-6\/277368207_2164943426994517_5106591994726584557_n.jpg?stp=dst-jpg_s640x640&#038;_nc_cat=104&#038;ccb=1-7&#038;_nc_sid=8bfeb9&#038;_nc_eui2=AeERlM8kSC2ipo-xJx-ggbXCBSwt0dlZyC4FLC3R2VnILuFpTKSwKzShjOjEn7EEOEaQmP55mpX3mLSaFmjvGGO0&#038;_nc_ohc=8WfnA254uS0AX_QvIaN&#038;_nc_ht=scontent.fuio15-1.fna&#038;oh=00_AfACWN9l-thkkTBvUOrzYJdIYKSaorkOK53dTODT9Zijmg&#038;oe=63BC2175\"><img decoding=\"async\" class=\"wp_automatic_fb_img\" title=\"\" src=\"https:\/\/scontent.fuio15-1.fna.fbcdn.net\/v\/t39.30808-6\/277368207_2164943426994517_5106591994726584557_n.jpg?stp=dst-jpg_s640x640&#038;_nc_cat=104&#038;ccb=1-7&#038;_nc_sid=8bfeb9&#038;_nc_eui2=AeERlM8kSC2ipo-xJx-ggbXCBSwt0dlZyC4FLC3R2VnILuFpTKSwKzShjOjEn7EEOEaQmP55mpX3mLSaFmjvGGO0&#038;_nc_ohc=8WfnA254uS0AX_QvIaN&#038;_nc_ht=scontent.fuio15-1.fna&#038;oh=00_AfACWN9l-thkkTBvUOrzYJdIYKSaorkOK53dTODT9Zijmg&#038;oe=63BC2175\" \/><\/a><\/p>\n","protected":false},"author":1,"featured_media":3117,"comment_status":"open","ping_status":"open","sticky":false,"template":"","format":"standard","meta":[],"categories":[1],"tags":[401,1050,722,182,1052,22,1051,251,41],"_links":{"self":[{"href":"https:\/\/bomberos.puyo.gob.ec\/2019\/wp-json\/wp\/v2\/posts\/3116"}],"collection":[{"href":"https:\/\/bomberos.puyo.gob.ec\/2019\/wp-json\/wp\/v2\/posts"}],"about":[{"href":"https:\/\/bomberos.puyo.gob.ec\/2019\/wp-json\/wp\/v2\/types\/post"}],"author":[{"embeddable":true,"href":"https:\/\/bomberos.puyo.gob.ec\/2019\/wp-json\/wp\/v2\/users\/1"}],"replies":[{"embeddable":true,"href":"https:\/\/bomberos.puyo.gob.ec\/2019\/wp-json\/wp\/v2\/comments?post=3116"}],"version-history":[{"count":1,"href":"https:\/\/bomberos.puyo.gob.ec\/2019\/wp-json\/wp\/v2\/posts\/3116\/revisions"}],"predecessor-version":[{"id":3118,"href":"https:\/\/bomberos.puyo.gob.ec\/2019\/wp-json\/wp\/v2\/posts\/3116\/revisions\/3118"}],"wp:featuredmedia":[{"embeddable":true,"href":"https:\/\/bomberos.puyo.gob.ec\/2019\/wp-json\/wp\/v2\/media\/3117"}],"wp:attachment":[{"href":"https:\/\/bomberos.puyo.gob.ec\/2019\/wp-json\/wp\/v2\/media?parent=3116"}],"wp:term":[{"taxonomy":"category","embeddable":true,"href":"https:\/\/bomberos.puyo.gob.ec\/2019\/wp-json\/wp\/v2\/categories?post=3116"},{"taxonomy":"post_tag","embeddable":true,"href":"https:\/\/bomberos.puyo.gob.ec\/2019\/wp-json\/wp\/v2\/tags?post=3116"}],"curies":[{"name":"wp","href":"https:\/\/api.w.org\/{rel}","templated":true}]}}