{"id":3113,"date":"2022-03-26T08:08:58","date_gmt":"2022-03-26T13:08:58","guid":{"rendered":"https:\/\/bomberos.puyo.gob.ec\/emergencia-medica-la-unidad-a5-se-dirigio-a-las-calles-riobamba-y-washingto\/"},"modified":"2023-01-04T21:25:47","modified_gmt":"2023-01-05T02:25:47","slug":"emergencia-medica-la-unidad-a5-se-dirigio-a-las-calles-riobamba-y-washingto","status":"publish","type":"post","link":"https:\/\/bomberos.puyo.gob.ec\/2019\/emergencia-medica-la-unidad-a5-se-dirigio-a-las-calles-riobamba-y-washingto\/","title":{"rendered":"|EMERGENCIA M\u00c9DICA|\n La unidad A5 se dirigi\u00f3 a las calles Riobamba y Washingto&#8230;"},"content":{"rendered":"<div><span><\/p>\n<p>|EMERGENCIA M\u00c9DICA|<\/p>\n<p> La unidad A5 se dirigi\u00f3 a las calles Riobamba y Washington Mazon, en el punto se atiende a un paciente de nombre: E. M. C. de 21 a\u00f1os de edad, mismo que presenta una crisis convulsiva no presenciada, luego de la respectiva valoraci\u00f3n es atendido en el lugar quedando a cargo de sus familiares.<\/p>\n<p><\/span><\/div>\n<p><a href=\"https:\/\/facebook.com\/story.php?story_fbid=pfbid02L9k6xfYm4Hmh5EUgXUYoKuTzHsZX9LYMagaFKVsgumaqgs1C2MSmzNmzBUAp2LKCl&amp;id=465093860312824&amp;eav=AfZk7XC1mBigMHIr3qs3HIkk0yvJO0zeh4mHsBx_B0cWr2NRE94FsNmRgKFflpwAdjE&amp;viewer=465093860312824&amp;m_entstream_source=timeline&amp;__tn__=%2As%2As-R&amp;paipv=1\" aria-label=\"Abrir historia\" class=\"_5msj\"><\/a><\/p>\n<p><a href=\"https:\/\/bomberos.puyo.gob.ec\/2019\/wp-content\/uploads\/1672885546_946_EMERGENCIA-MEDICA-La-unidad-A5-se-dirigio-a-las-calles.jpg\"><img decoding=\"async\" class=\"wp_automatic_fb_img\" title=\"\" src=\"https:\/\/bomberos.puyo.gob.ec\/2019\/wp-content\/uploads\/1672885546_946_EMERGENCIA-MEDICA-La-unidad-A5-se-dirigio-a-las-calles.jpg\" \/><\/a><br \/>\n<br \/><a href=\"https:\/\/www.facebook.com\/465093860312824\/posts\/2165237186965141\">en facebook&#8230; <\/a>  <\/p>\n","protected":false},"excerpt":{"rendered":"<div><span><\/p>\n<p>|EMERGENCIA M\u00c9DICA|<\/p>\n<p> La unidad A5 se dirigi\u00f3 a las calles Riobamba y Washington Mazon, en el punto se atiende a un paciente de nombre: E. M. C. de 21 a\u00f1os de edad, mismo que presenta una crisis convulsiva no presenciada, luego de la respectiva valoraci\u00f3n es atendido en el lugar quedando a cargo de sus familiares.<\/p>\n<p><\/span><\/div>\n<p><a href=\"https:\/\/facebook.com\/story.php?story_fbid=pfbid02L9k6xfYm4Hmh5EUgXUYoKuTzHsZX9LYMagaFKVsgumaqgs1C2MSmzNmzBUAp2LKCl&amp;id=465093860312824&amp;eav=AfZk7XC1mBigMHIr3qs3HIkk0yvJO0zeh4mHsBx_B0cWr2NRE94FsNmRgKFflpwAdjE&amp;viewer=465093860312824&amp;m_entstream_source=timeline&amp;__tn__=%2As%2As-R&amp;paipv=1\" aria-label=\"Abrir historia\" class=\"_5msj\"><\/a><\/p>\n<p><a href=\"https:\/\/scontent.fuio15-1.fna.fbcdn.net\/v\/t39.30808-6\/277425483_2164945196994340_5621669829067302273_n.jpg?stp=dst-jpg_s640x640&#038;_nc_cat=104&#038;ccb=1-7&#038;_nc_sid=8bfeb9&#038;_nc_eui2=AeF8UqnOxPqSweBYE_bsnNDThKLwO8bYG5WEovA7xtgblXoz5mEgB5dsz2aJK-AwUOA3qEKloMtklmA8wxeO2LYQ&#038;_nc_ohc=h0Ar_EddGw4AX_qSUeO&#038;_nc_ht=scontent.fuio15-1.fna&#038;oh=00_AfA-pCVBpLM4pZ-AaWJ6SrRXhXND4ioxPk1JlaUJxEwwxA&#038;oe=63BBC291\"><img decoding=\"async\" class=\"wp_automatic_fb_img\" title=\"\" src=\"https:\/\/scontent.fuio15-1.fna.fbcdn.net\/v\/t39.30808-6\/277425483_2164945196994340_5621669829067302273_n.jpg?stp=dst-jpg_s640x640&#038;_nc_cat=104&#038;ccb=1-7&#038;_nc_sid=8bfeb9&#038;_nc_eui2=AeF8UqnOxPqSweBYE_bsnNDThKLwO8bYG5WEovA7xtgblXoz5mEgB5dsz2aJK-AwUOA3qEKloMtklmA8wxeO2LYQ&#038;_nc_ohc=h0Ar_EddGw4AX_qSUeO&#038;_nc_ht=scontent.fuio15-1.fna&#038;oh=00_AfA-pCVBpLM4pZ-AaWJ6SrRXhXND4ioxPk1JlaUJxEwwxA&#038;oe=63BBC291\" \/><\/a><\/p>\n","protected":false},"author":1,"featured_media":3114,"comment_status":"open","ping_status":"open","sticky":false,"template":"","format":"standard","meta":[],"categories":[1],"tags":[401,722,182,22,251,1048,41,1049],"_links":{"self":[{"href":"https:\/\/bomberos.puyo.gob.ec\/2019\/wp-json\/wp\/v2\/posts\/3113"}],"collection":[{"href":"https:\/\/bomberos.puyo.gob.ec\/2019\/wp-json\/wp\/v2\/posts"}],"about":[{"href":"https:\/\/bomberos.puyo.gob.ec\/2019\/wp-json\/wp\/v2\/types\/post"}],"author":[{"embeddable":true,"href":"https:\/\/bomberos.puyo.gob.ec\/2019\/wp-json\/wp\/v2\/users\/1"}],"replies":[{"embeddable":true,"href":"https:\/\/bomberos.puyo.gob.ec\/2019\/wp-json\/wp\/v2\/comments?post=3113"}],"version-history":[{"count":1,"href":"https:\/\/bomberos.puyo.gob.ec\/2019\/wp-json\/wp\/v2\/posts\/3113\/revisions"}],"predecessor-version":[{"id":3115,"href":"https:\/\/bomberos.puyo.gob.ec\/2019\/wp-json\/wp\/v2\/posts\/3113\/revisions\/3115"}],"wp:featuredmedia":[{"embeddable":true,"href":"https:\/\/bomberos.puyo.gob.ec\/2019\/wp-json\/wp\/v2\/media\/3114"}],"wp:attachment":[{"href":"https:\/\/bomberos.puyo.gob.ec\/2019\/wp-json\/wp\/v2\/media?parent=3113"}],"wp:term":[{"taxonomy":"category","embeddable":true,"href":"https:\/\/bomberos.puyo.gob.ec\/2019\/wp-json\/wp\/v2\/categories?post=3113"},{"taxonomy":"post_tag","embeddable":true,"href":"https:\/\/bomberos.puyo.gob.ec\/2019\/wp-json\/wp\/v2\/tags?post=3113"}],"curies":[{"name":"wp","href":"https:\/\/api.w.org\/{rel}","templated":true}]}}