{"id":3108,"date":"2022-03-28T19:17:24","date_gmt":"2022-03-29T00:17:24","guid":{"rendered":"https:\/\/bomberos.puyo.gob.ec\/emergencia-medica-56\/"},"modified":"2023-01-04T18:19:18","modified_gmt":"2023-01-04T23:19:18","slug":"emergencia-medica-56","status":"publish","type":"post","link":"https:\/\/bomberos.puyo.gob.ec\/2019\/emergencia-medica-56\/","title":{"rendered":"|EMERGENCIA M\u00c9DICA|&#8230;"},"content":{"rendered":"<p>|EMERGENCIA M\u00c9DICA|<\/p>\n<p>La unidad A5 se dirigi\u00f3 al barrio Central en las calles 9 de Octubre y 24 de Mayo en el punto se atiende a un paciente de nombre:?D. A. S. de 38 a\u00f1os de edad, mismo que presenta halitosis similar al alcohol m\u00e1s herida cortante en la regi\u00f3n parietal del cr\u00e1neo por motivo de una pelea callejera, luego de la respectiva valoraci\u00f3n es trasladado al Hospital General Puyo.<\/p>\n<p><a href=\"https:\/\/bomberos.puyo.gob.ec\/2019\/wp-content\/uploads\/1672874357_632_EMERGENCIA-MEDICA.jpg\"><img decoding=\"async\" class=\"wp_automatic_fb_img\" title=\"\" src=\"https:\/\/bomberos.puyo.gob.ec\/2019\/wp-content\/uploads\/1672874357_632_EMERGENCIA-MEDICA.jpg\" \/><\/a><br \/>\n<br \/><a href=\"https:\/\/www.facebook.com\/465093860312824\/posts\/2167167390105454\">en facebook&#8230; <\/a>  <\/p>\n","protected":false},"excerpt":{"rendered":"<p>|EMERGENCIA M\u00c9DICA|<\/p>\n<p>La unidad A5 se dirigi\u00f3 al barrio Central en las calles 9 de Octubre y 24 de Mayo en el punto se atiende a un paciente de nombre:?D. A. S. de 38 a\u00f1os de edad, mismo que presenta halitosis similar al alcohol m\u00e1s herida cortante en la regi\u00f3n parietal del cr\u00e1neo por motivo de una pelea callejera, luego de la respectiva valoraci\u00f3n es trasladado al Hospital General Puyo.<\/p>\n<p><a href=\"https:\/\/scontent.fuio15-1.fna.fbcdn.net\/v\/t39.30808-6\/277573060_2167166480105545_6929160738296884945_n.jpg?stp=dst-jpg_s640x640&#038;_nc_cat=108&#038;ccb=1-7&#038;_nc_sid=8bfeb9&#038;_nc_eui2=AeE4-SovEtrThfnxO2D1w1PeVvs2XW4lNJVW-zZdbiU0lW7itVgrrrYsYCpNSAB0wnpe_h1aOowJJeokwghqBwla&#038;_nc_ohc=b32XShx-60kAX9T2q4o&#038;_nc_ht=scontent.fuio15-1.fna&#038;oh=00_AfCAw_GTTrrw4Am_GGy41Ka6hPvvXHqgaz2cK479Txptlg&#038;oe=63BAB89C\"><img decoding=\"async\" class=\"wp_automatic_fb_img\" title=\"\" src=\"https:\/\/scontent.fuio15-1.fna.fbcdn.net\/v\/t39.30808-6\/277573060_2167166480105545_6929160738296884945_n.jpg?stp=dst-jpg_s640x640&#038;_nc_cat=108&#038;ccb=1-7&#038;_nc_sid=8bfeb9&#038;_nc_eui2=AeE4-SovEtrThfnxO2D1w1PeVvs2XW4lNJVW-zZdbiU0lW7itVgrrrYsYCpNSAB0wnpe_h1aOowJJeokwghqBwla&#038;_nc_ohc=b32XShx-60kAX9T2q4o&#038;_nc_ht=scontent.fuio15-1.fna&#038;oh=00_AfCAw_GTTrrw4Am_GGy41Ka6hPvvXHqgaz2cK479Txptlg&#038;oe=63BAB89C\" \/><\/a><\/p>\n","protected":false},"author":1,"featured_media":3109,"comment_status":"open","ping_status":"open","sticky":false,"template":"","format":"standard","meta":[],"categories":[1],"tags":[182,251],"_links":{"self":[{"href":"https:\/\/bomberos.puyo.gob.ec\/2019\/wp-json\/wp\/v2\/posts\/3108"}],"collection":[{"href":"https:\/\/bomberos.puyo.gob.ec\/2019\/wp-json\/wp\/v2\/posts"}],"about":[{"href":"https:\/\/bomberos.puyo.gob.ec\/2019\/wp-json\/wp\/v2\/types\/post"}],"author":[{"embeddable":true,"href":"https:\/\/bomberos.puyo.gob.ec\/2019\/wp-json\/wp\/v2\/users\/1"}],"replies":[{"embeddable":true,"href":"https:\/\/bomberos.puyo.gob.ec\/2019\/wp-json\/wp\/v2\/comments?post=3108"}],"version-history":[{"count":1,"href":"https:\/\/bomberos.puyo.gob.ec\/2019\/wp-json\/wp\/v2\/posts\/3108\/revisions"}],"predecessor-version":[{"id":3110,"href":"https:\/\/bomberos.puyo.gob.ec\/2019\/wp-json\/wp\/v2\/posts\/3108\/revisions\/3110"}],"wp:featuredmedia":[{"embeddable":true,"href":"https:\/\/bomberos.puyo.gob.ec\/2019\/wp-json\/wp\/v2\/media\/3109"}],"wp:attachment":[{"href":"https:\/\/bomberos.puyo.gob.ec\/2019\/wp-json\/wp\/v2\/media?parent=3108"}],"wp:term":[{"taxonomy":"category","embeddable":true,"href":"https:\/\/bomberos.puyo.gob.ec\/2019\/wp-json\/wp\/v2\/categories?post=3108"},{"taxonomy":"post_tag","embeddable":true,"href":"https:\/\/bomberos.puyo.gob.ec\/2019\/wp-json\/wp\/v2\/tags?post=3108"}],"curies":[{"name":"wp","href":"https:\/\/api.w.org\/{rel}","templated":true}]}}