{"id":3102,"date":"2022-03-30T17:28:26","date_gmt":"2022-03-30T22:28:26","guid":{"rendered":"https:\/\/bomberos.puyo.gob.ec\/emergencia-medica-54\/"},"modified":"2023-01-04T16:13:09","modified_gmt":"2023-01-04T21:13:09","slug":"emergencia-medica-54","status":"publish","type":"post","link":"https:\/\/bomberos.puyo.gob.ec\/2019\/emergencia-medica-54\/","title":{"rendered":"|EMERGENCIA M\u00c9DICA|&#8230;"},"content":{"rendered":"<p>|EMERGENCIA M\u00c9DICA|<\/p>\n<p>Por llamado del #ECU-911, la unidad A3 se dirigi\u00f3 a una emergencia m\u00e9dica en el sector de la parroquia Veracruz &#8211; comunidad Bobonaza, en el lugar se atiende a la Sr. I. E. de 34 a\u00f1os de edad, quien presenta efectos secundarios al alcohol.<\/p>\n<p>Posteriormente a la evaluaci\u00f3n se procede a dar indicaciones y recomendaciones siendo atendido en el sitio, quedando a cargo de su Sra. esposa.<\/p>\n<p><a href=\"https:\/\/bomberos.puyo.gob.ec\/2019\/wp-content\/uploads\/1672866788_392_EMERGENCIA-MEDICA.jpg\"><img decoding=\"async\" class=\"wp_automatic_fb_img\" title=\"\" src=\"https:\/\/bomberos.puyo.gob.ec\/2019\/wp-content\/uploads\/1672866788_392_EMERGENCIA-MEDICA.jpg\" \/><\/a><br \/>\n<br \/><a href=\"https:\/\/www.facebook.com\/465093860312824\/posts\/2168591416629718\">en facebook&#8230; <\/a>  <\/p>\n","protected":false},"excerpt":{"rendered":"<p>|EMERGENCIA M\u00c9DICA|<\/p>\n<p>Por llamado del #ECU-911, la unidad A3 se dirigi\u00f3 a una emergencia m\u00e9dica en el sector de la parroquia Veracruz &#8211; comunidad Bobonaza, en el lugar se atiende a la Sr. I. E. de 34 a\u00f1os de edad, quien presenta efectos secundarios al alcohol.<\/p>\n<p>Posteriormente a la evaluaci\u00f3n se procede a dar indicaciones y recomendaciones siendo atendido en el sitio, quedando a cargo de su Sra. esposa.<\/p>\n<p><a href=\"https:\/\/scontent.fuio15-1.fna.fbcdn.net\/v\/t39.30808-6\/277730824_2168591393296387_3711404617493912670_n.jpg?stp=dst-jpg_s720x720&#038;_nc_cat=101&#038;ccb=1-7&#038;_nc_sid=8bfeb9&#038;_nc_eui2=AeEsQn8RpwFw1-s9G89prpQFH4K9wN22ZN4fgr3A3bZk3hIKPyRKcELQUYq07n72WQxphdNcbix2w3on0Bfg_vFv&#038;_nc_ohc=FNh0WY43COoAX-sqK-3&#038;_nc_ht=scontent.fuio15-1.fna&#038;oh=00_AfD0jlZ1-rTXz7vorMPPxPoQPb_iysYttWfd83EXAKBGng&#038;oe=63BAEA05\"><img decoding=\"async\" class=\"wp_automatic_fb_img\" title=\"\" src=\"https:\/\/scontent.fuio15-1.fna.fbcdn.net\/v\/t39.30808-6\/277730824_2168591393296387_3711404617493912670_n.jpg?stp=dst-jpg_s720x720&#038;_nc_cat=101&#038;ccb=1-7&#038;_nc_sid=8bfeb9&#038;_nc_eui2=AeEsQn8RpwFw1-s9G89prpQFH4K9wN22ZN4fgr3A3bZk3hIKPyRKcELQUYq07n72WQxphdNcbix2w3on0Bfg_vFv&#038;_nc_ohc=FNh0WY43COoAX-sqK-3&#038;_nc_ht=scontent.fuio15-1.fna&#038;oh=00_AfD0jlZ1-rTXz7vorMPPxPoQPb_iysYttWfd83EXAKBGng&#038;oe=63BAEA05\" \/><\/a><\/p>\n","protected":false},"author":1,"featured_media":3103,"comment_status":"open","ping_status":"open","sticky":false,"template":"","format":"standard","meta":[],"categories":[1],"tags":[182,251],"_links":{"self":[{"href":"https:\/\/bomberos.puyo.gob.ec\/2019\/wp-json\/wp\/v2\/posts\/3102"}],"collection":[{"href":"https:\/\/bomberos.puyo.gob.ec\/2019\/wp-json\/wp\/v2\/posts"}],"about":[{"href":"https:\/\/bomberos.puyo.gob.ec\/2019\/wp-json\/wp\/v2\/types\/post"}],"author":[{"embeddable":true,"href":"https:\/\/bomberos.puyo.gob.ec\/2019\/wp-json\/wp\/v2\/users\/1"}],"replies":[{"embeddable":true,"href":"https:\/\/bomberos.puyo.gob.ec\/2019\/wp-json\/wp\/v2\/comments?post=3102"}],"version-history":[{"count":1,"href":"https:\/\/bomberos.puyo.gob.ec\/2019\/wp-json\/wp\/v2\/posts\/3102\/revisions"}],"predecessor-version":[{"id":3104,"href":"https:\/\/bomberos.puyo.gob.ec\/2019\/wp-json\/wp\/v2\/posts\/3102\/revisions\/3104"}],"wp:featuredmedia":[{"embeddable":true,"href":"https:\/\/bomberos.puyo.gob.ec\/2019\/wp-json\/wp\/v2\/media\/3103"}],"wp:attachment":[{"href":"https:\/\/bomberos.puyo.gob.ec\/2019\/wp-json\/wp\/v2\/media?parent=3102"}],"wp:term":[{"taxonomy":"category","embeddable":true,"href":"https:\/\/bomberos.puyo.gob.ec\/2019\/wp-json\/wp\/v2\/categories?post=3102"},{"taxonomy":"post_tag","embeddable":true,"href":"https:\/\/bomberos.puyo.gob.ec\/2019\/wp-json\/wp\/v2\/tags?post=3102"}],"curies":[{"name":"wp","href":"https:\/\/api.w.org\/{rel}","templated":true}]}}