{"id":3096,"date":"2022-03-31T10:32:47","date_gmt":"2022-03-31T15:32:47","guid":{"rendered":"https:\/\/bomberos.puyo.gob.ec\/capacitacion-se-realiza-una-capacitacion-al-personal-de-la-compania-de-tran\/"},"modified":"2023-01-04T13:06:40","modified_gmt":"2023-01-04T18:06:40","slug":"capacitacion-se-realiza-una-capacitacion-al-personal-de-la-compania-de-tran","status":"publish","type":"post","link":"https:\/\/bomberos.puyo.gob.ec\/2019\/capacitacion-se-realiza-una-capacitacion-al-personal-de-la-compania-de-tran\/","title":{"rendered":"|CAPACITACI\u00d3N|\n Se realiza una capacitaci\u00f3n al personal de la COMPA\u00d1\u00cdA DE TRAN&#8230;"},"content":{"rendered":"<div><span><\/p>\n<p>|CAPACITACI\u00d3N|<\/p>\n<p> Se realiza una capacitaci\u00f3n al personal de la COMPA\u00d1\u00cdA DE TRANSPORTE EN TAXIS MARISCAL con los temas: <br \/> &#8211; Prevenci\u00f3n de Incendios<br \/> &#8211; Utilizaci\u00f3n de extintores con norma NFPA10<br \/> &#8211; Incendios vehiculares.<\/p>\n<p><\/span><\/div>\n<p><a href=\"https:\/\/facebook.com\/story.php?story_fbid=pfbid0z5w8YmKabcWb7Zo3qhsZ4QTw55Kyi8PSo3XyouKHfJnuN8cee9jFv314KEbmdoal&amp;id=465093860312824&amp;eav=AfaEOCRs9b304fzsRo6U7M7D-yT8yCpcJHrCGaJstCnw_gzgWuRgj33uWz7Ae7NSMsA&amp;viewer=465093860312824&amp;m_entstream_source=timeline&amp;__tn__=%2As%2As-R&amp;paipv=1\" aria-label=\"Abrir historia\" class=\"_5msj\"><\/a><\/p>\n<p><a href=\"https:\/\/bomberos.puyo.gob.ec\/2019\/wp-content\/uploads\/CAPACITACION-Se-realiza-una-capacitacion-al-personal-de-la-COMPANIA.jpg\"><img decoding=\"async\" class=\"wp_automatic_fb_img\" title=\"\" src=\"https:\/\/bomberos.puyo.gob.ec\/2019\/wp-content\/uploads\/CAPACITACION-Se-realiza-una-capacitacion-al-personal-de-la-COMPANIA.jpg\" \/><\/a><br \/>\n<br \/><a href=\"https:\/\/www.facebook.com\/465093860312824\/posts\/2169106789911514\">en facebook&#8230; <\/a>  <\/p>\n","protected":false},"excerpt":{"rendered":"<div><span><\/p>\n<p>|CAPACITACI\u00d3N|<\/p>\n<p> Se realiza una capacitaci\u00f3n al personal de la COMPA\u00d1\u00cdA DE TRANSPORTE EN TAXIS MARISCAL con los temas: <br \/> &#8211; Prevenci\u00f3n de Incendios<br \/> &#8211; Utilizaci\u00f3n de extintores con norma NFPA10<br \/> &#8211; Incendios vehiculares.<\/p>\n<p><\/span><\/div>\n<p><a href=\"https:\/\/facebook.com\/story.php?story_fbid=pfbid0z5w8YmKabcWb7Zo3qhsZ4QTw55Kyi8PSo3XyouKHfJnuN8cee9jFv314KEbmdoal&amp;id=465093860312824&amp;eav=AfaEOCRs9b304fzsRo6U7M7D-yT8yCpcJHrCGaJstCnw_gzgWuRgj33uWz7Ae7NSMsA&amp;viewer=465093860312824&amp;m_entstream_source=timeline&amp;__tn__=%2As%2As-R&amp;paipv=1\" aria-label=\"Abrir historia\" class=\"_5msj\"><\/a><\/p>\n<p><a href=\"https:\/\/scontent.fuio15-1.fna.fbcdn.net\/v\/t39.30808-6\/277569852_2169106749911518_6641358896885836575_n.jpg?stp=dst-jpg_s720x720&#038;_nc_cat=106&#038;ccb=1-7&#038;_nc_sid=8bfeb9&#038;_nc_eui2=AeH2pvqRXqfHRd5VaPklruSDGFJRVlTtXKQYUlFWVO1cpPwGembSQ9mrHPfZyxyicIRpBv5PUVxZkku4elszhUQH&#038;_nc_ohc=AbBi0ndCn1MAX88PSdt&#038;_nc_ht=scontent.fuio15-1.fna&#038;oh=00_AfCTZIaH0kMV8CAClb0Ff4FgmuGF5Vdyd8a5PwxRIoxq1g&#038;oe=63BA7474\"><img decoding=\"async\" class=\"wp_automatic_fb_img\" title=\"\" src=\"https:\/\/scontent.fuio15-1.fna.fbcdn.net\/v\/t39.30808-6\/277569852_2169106749911518_6641358896885836575_n.jpg?stp=dst-jpg_s720x720&#038;_nc_cat=106&#038;ccb=1-7&#038;_nc_sid=8bfeb9&#038;_nc_eui2=AeH2pvqRXqfHRd5VaPklruSDGFJRVlTtXKQYUlFWVO1cpPwGembSQ9mrHPfZyxyicIRpBv5PUVxZkku4elszhUQH&#038;_nc_ohc=AbBi0ndCn1MAX88PSdt&#038;_nc_ht=scontent.fuio15-1.fna&#038;oh=00_AfCTZIaH0kMV8CAClb0Ff4FgmuGF5Vdyd8a5PwxRIoxq1g&#038;oe=63BA7474\" \/><\/a><\/p>\n","protected":false},"author":1,"featured_media":3097,"comment_status":"open","ping_status":"open","sticky":false,"template":"","format":"standard","meta":[],"categories":[1],"tags":[65,1047,34,692,935,119],"_links":{"self":[{"href":"https:\/\/bomberos.puyo.gob.ec\/2019\/wp-json\/wp\/v2\/posts\/3096"}],"collection":[{"href":"https:\/\/bomberos.puyo.gob.ec\/2019\/wp-json\/wp\/v2\/posts"}],"about":[{"href":"https:\/\/bomberos.puyo.gob.ec\/2019\/wp-json\/wp\/v2\/types\/post"}],"author":[{"embeddable":true,"href":"https:\/\/bomberos.puyo.gob.ec\/2019\/wp-json\/wp\/v2\/users\/1"}],"replies":[{"embeddable":true,"href":"https:\/\/bomberos.puyo.gob.ec\/2019\/wp-json\/wp\/v2\/comments?post=3096"}],"version-history":[{"count":1,"href":"https:\/\/bomberos.puyo.gob.ec\/2019\/wp-json\/wp\/v2\/posts\/3096\/revisions"}],"predecessor-version":[{"id":3098,"href":"https:\/\/bomberos.puyo.gob.ec\/2019\/wp-json\/wp\/v2\/posts\/3096\/revisions\/3098"}],"wp:featuredmedia":[{"embeddable":true,"href":"https:\/\/bomberos.puyo.gob.ec\/2019\/wp-json\/wp\/v2\/media\/3097"}],"wp:attachment":[{"href":"https:\/\/bomberos.puyo.gob.ec\/2019\/wp-json\/wp\/v2\/media?parent=3096"}],"wp:term":[{"taxonomy":"category","embeddable":true,"href":"https:\/\/bomberos.puyo.gob.ec\/2019\/wp-json\/wp\/v2\/categories?post=3096"},{"taxonomy":"post_tag","embeddable":true,"href":"https:\/\/bomberos.puyo.gob.ec\/2019\/wp-json\/wp\/v2\/tags?post=3096"}],"curies":[{"name":"wp","href":"https:\/\/api.w.org\/{rel}","templated":true}]}}