{"id":3090,"date":"2022-03-31T18:00:07","date_gmt":"2022-03-31T23:00:07","guid":{"rendered":"https:\/\/bomberos.puyo.gob.ec\/emergencia-medica-por-llamado-del-ecu-911-la-unidad-a3-se-dirigio-al-sect\/"},"modified":"2023-01-04T11:00:11","modified_gmt":"2023-01-04T16:00:11","slug":"emergencia-medica-por-llamado-del-ecu-911-la-unidad-a3-se-dirigio-al-sect","status":"publish","type":"post","link":"https:\/\/bomberos.puyo.gob.ec\/2019\/emergencia-medica-por-llamado-del-ecu-911-la-unidad-a3-se-dirigio-al-sect\/","title":{"rendered":"|EMERGENCIA M\u00c9DICA|\n Por llamado del #ECU-911, la unidad A3 se dirigi\u00f3 al sect&#8230;"},"content":{"rendered":"<div><span><\/p>\n<p>|EMERGENCIA M\u00c9DICA|<\/p>\n<p> Por llamado del <a class=\"_5ayv _qdx\" href=\"https:\/\/facebook.com\/hashtag\/ecu?__tn__=%2As-R&amp;paipv=1&amp;eav=AfYVtMsVXEwDNbw0wWi6t_ZD2U9EJHazgGxC0FNwshWlJUlr_4zhq5RiBwTwy0xg0yc\"><span class=\"_5aw4 _qdz\">#ECU<\/span><\/a>-911, la unidad A3 se dirigi\u00f3 al sector de la Uni\u00f3n Base, en el lugar se atiende a un paciente pedi\u00e1trico de 3 a\u00f1os de edad de nombre: S. M. quien presenta Fiebre m\u00e1s estado postictal.<\/p>\n<p> Se procede a trasladarlo hacia el hospital del  IESS Puyo donde lo recibe el m\u00e9dico de turno.<\/p>\n<p><\/span><\/div>\n<p><a href=\"https:\/\/facebook.com\/story.php?story_fbid=pfbid037g1PeN29KYoQ9sezBDiPgFPo1NuvbkaxtKqnwLrBkGfiH6HpzA4GHusiXr9LcEaMl&amp;id=465093860312824&amp;eav=AfaS6Jb-NR7F0dmkX0EmwUe1zQ7RXjECmI9YpJaAeSi7ShkvnbZySgFmS0tVSSOUsqE&amp;viewer=465093860312824&amp;m_entstream_source=timeline&amp;__tn__=%2As%2As-R&amp;paipv=1\" aria-label=\"Abrir historia\" class=\"_5msj\"><\/a><\/p>\n<p><a href=\"https:\/\/bomberos.puyo.gob.ec\/2019\/wp-content\/uploads\/EMERGENCIA-MEDICA-Por-llamado-del-ECU-911-la-unidad-A3-se.jpg\"><img decoding=\"async\" class=\"wp_automatic_fb_img\" title=\"\" src=\"https:\/\/bomberos.puyo.gob.ec\/2019\/wp-content\/uploads\/EMERGENCIA-MEDICA-Por-llamado-del-ECU-911-la-unidad-A3-se.jpg\" \/><\/a><br \/>\n<br \/><a href=\"https:\/\/www.facebook.com\/465093860312824\/posts\/2169329913222535\">en facebook&#8230; <\/a>  <\/p>\n","protected":false},"excerpt":{"rendered":"<div><span><\/p>\n<p>|EMERGENCIA M\u00c9DICA|<\/p>\n<p> Por llamado del <a class=\"_5ayv _qdx\" href=\"https:\/\/facebook.com\/hashtag\/ecu?__tn__=%2As-R&amp;paipv=1&amp;eav=AfYVtMsVXEwDNbw0wWi6t_ZD2U9EJHazgGxC0FNwshWlJUlr_4zhq5RiBwTwy0xg0yc\"><span class=\"_5aw4 _qdz\">#ECU<\/span><\/a>-911, la unidad A3 se dirigi\u00f3 al sector de la Uni\u00f3n Base, en el lugar se atiende a un paciente pedi\u00e1trico de 3 a\u00f1os de edad de nombre: S. M. quien presenta Fiebre m\u00e1s estado postictal.<\/p>\n<p> Se procede a trasladarlo hacia el hospital del  IESS Puyo donde lo recibe el m\u00e9dico de turno.<\/p>\n<p><\/span><\/div>\n<p><a href=\"https:\/\/facebook.com\/story.php?story_fbid=pfbid037g1PeN29KYoQ9sezBDiPgFPo1NuvbkaxtKqnwLrBkGfiH6HpzA4GHusiXr9LcEaMl&amp;id=465093860312824&amp;eav=AfaS6Jb-NR7F0dmkX0EmwUe1zQ7RXjECmI9YpJaAeSi7ShkvnbZySgFmS0tVSSOUsqE&amp;viewer=465093860312824&amp;m_entstream_source=timeline&amp;__tn__=%2As%2As-R&amp;paipv=1\" aria-label=\"Abrir historia\" class=\"_5msj\"><\/a><\/p>\n<p><a href=\"https:\/\/scontent.fuio15-1.fna.fbcdn.net\/v\/t39.30808-6\/277781302_2169208739901319_5618627594132273610_n.jpg?stp=dst-jpg_s720x720&#038;_nc_cat=105&#038;ccb=1-7&#038;_nc_sid=8bfeb9&#038;_nc_eui2=AeFw5-c5nbHmEwuQ-k3RHe6H17ySo5CmlJjXvJKjkKaUmEi7l9-3RpBmaBKR1gjz26pMdKkDPAJxOW4L6OCuYNU6&#038;_nc_ohc=c4hPy5vYgk0AX-giY5H&#038;_nc_ht=scontent.fuio15-1.fna&#038;oh=00_AfBMBXH0GOVB31T7iCldo3AFN7bhWAdJCE5WgBg3sYqV2w&#038;oe=63BA2BC6\"><img decoding=\"async\" class=\"wp_automatic_fb_img\" title=\"\" src=\"https:\/\/scontent.fuio15-1.fna.fbcdn.net\/v\/t39.30808-6\/277781302_2169208739901319_5618627594132273610_n.jpg?stp=dst-jpg_s720x720&#038;_nc_cat=105&#038;ccb=1-7&#038;_nc_sid=8bfeb9&#038;_nc_eui2=AeFw5-c5nbHmEwuQ-k3RHe6H17ySo5CmlJjXvJKjkKaUmEi7l9-3RpBmaBKR1gjz26pMdKkDPAJxOW4L6OCuYNU6&#038;_nc_ohc=c4hPy5vYgk0AX-giY5H&#038;_nc_ht=scontent.fuio15-1.fna&#038;oh=00_AfBMBXH0GOVB31T7iCldo3AFN7bhWAdJCE5WgBg3sYqV2w&#038;oe=63BA2BC6\" \/><\/a><\/p>\n","protected":false},"author":1,"featured_media":3091,"comment_status":"open","ping_status":"open","sticky":false,"template":"","format":"standard","meta":[],"categories":[1],"tags":[32,722,33,69,182,31,251,30,585,41],"_links":{"self":[{"href":"https:\/\/bomberos.puyo.gob.ec\/2019\/wp-json\/wp\/v2\/posts\/3090"}],"collection":[{"href":"https:\/\/bomberos.puyo.gob.ec\/2019\/wp-json\/wp\/v2\/posts"}],"about":[{"href":"https:\/\/bomberos.puyo.gob.ec\/2019\/wp-json\/wp\/v2\/types\/post"}],"author":[{"embeddable":true,"href":"https:\/\/bomberos.puyo.gob.ec\/2019\/wp-json\/wp\/v2\/users\/1"}],"replies":[{"embeddable":true,"href":"https:\/\/bomberos.puyo.gob.ec\/2019\/wp-json\/wp\/v2\/comments?post=3090"}],"version-history":[{"count":1,"href":"https:\/\/bomberos.puyo.gob.ec\/2019\/wp-json\/wp\/v2\/posts\/3090\/revisions"}],"predecessor-version":[{"id":3092,"href":"https:\/\/bomberos.puyo.gob.ec\/2019\/wp-json\/wp\/v2\/posts\/3090\/revisions\/3092"}],"wp:featuredmedia":[{"embeddable":true,"href":"https:\/\/bomberos.puyo.gob.ec\/2019\/wp-json\/wp\/v2\/media\/3091"}],"wp:attachment":[{"href":"https:\/\/bomberos.puyo.gob.ec\/2019\/wp-json\/wp\/v2\/media?parent=3090"}],"wp:term":[{"taxonomy":"category","embeddable":true,"href":"https:\/\/bomberos.puyo.gob.ec\/2019\/wp-json\/wp\/v2\/categories?post=3090"},{"taxonomy":"post_tag","embeddable":true,"href":"https:\/\/bomberos.puyo.gob.ec\/2019\/wp-json\/wp\/v2\/tags?post=3090"}],"curies":[{"name":"wp","href":"https:\/\/api.w.org\/{rel}","templated":true}]}}