{"id":3075,"date":"2022-04-06T19:47:34","date_gmt":"2022-04-07T00:47:34","guid":{"rendered":"https:\/\/bomberos.puyo.gob.ec\/emergencia-medica-la-unidad-a5-se-dirigio-al-barrio-libertad-en-el-punto\/"},"modified":"2023-01-04T04:20:54","modified_gmt":"2023-01-04T09:20:54","slug":"emergencia-medica-la-unidad-a5-se-dirigio-al-barrio-libertad-en-el-punto","status":"publish","type":"post","link":"https:\/\/bomberos.puyo.gob.ec\/2019\/emergencia-medica-la-unidad-a5-se-dirigio-al-barrio-libertad-en-el-punto\/","title":{"rendered":"|EMERGENCIA M\u00c9DICA|\n La unidad #A5, se dirigi\u00f3 al barrio Libertad, en el punto&#8230;"},"content":{"rendered":"<div><span><\/p>\n<p>|EMERGENCIA M\u00c9DICA|<\/p>\n<p> La unidad <a class=\"_5ayv _qdx\" href=\"https:\/\/facebook.com\/hashtag\/a5?__tn__=%2As-R&amp;paipv=1&amp;eav=AfbEmaOJF4TjKCGJ9vebwJWlIZgFyy2dSYdp2VlcfnWFx5KWvvhoWqDrJLkQH0_vIdw\"><span class=\"_5aw4 _qdz\">#A5<\/span><\/a>, se dirigi\u00f3 al barrio Libertad, en el punto se atiende a una paciente de nombre: A. W. de 16 a\u00f1os de edad, misma que presenta Deshidrataci\u00f3n Leve.<br \/> Luego de la respectiva valoraci\u00f3n queda a cargo de Polic\u00eda Nacional.<\/p>\n<p><\/span><\/div>\n<p><a href=\"https:\/\/facebook.com\/story.php?story_fbid=pfbid0332UbSwhGGE3bGH2xYnvpXfiqzwEqdZuNEHLrztpyw9yV3PPCXmHCN9wkXiSmqP9Vl&amp;id=465093860312824&amp;eav=AfYQmeo8srToVOWGZo1Dof-do6WK1cVSaN0OMvDUlpwcZcqcISvYqJgoAjDph4xaEjc&amp;viewer=465093860312824&amp;m_entstream_source=timeline&amp;__tn__=%2As%2As-R&amp;paipv=1\" aria-label=\"Abrir historia\" class=\"_5msj\"><\/a><\/p>\n<p><a href=\"https:\/\/bomberos.puyo.gob.ec\/2019\/wp-content\/uploads\/EMERGENCIA-MEDICA-La-unidad-A5-se-dirigio-al-barrio-Libertad.jpg\"><img decoding=\"async\" class=\"wp_automatic_fb_img\" title=\"\" src=\"https:\/\/bomberos.puyo.gob.ec\/2019\/wp-content\/uploads\/EMERGENCIA-MEDICA-La-unidad-A5-se-dirigio-al-barrio-Libertad.jpg\" \/><\/a><br \/>\n<br \/><a href=\"https:\/\/www.facebook.com\/465093860312824\/posts\/2173812192774307\">en facebook&#8230; <\/a>  <\/p>\n","protected":false},"excerpt":{"rendered":"<div><span><\/p>\n<p>|EMERGENCIA M\u00c9DICA|<\/p>\n<p> La unidad <a class=\"_5ayv _qdx\" href=\"https:\/\/facebook.com\/hashtag\/a5?__tn__=%2As-R&amp;paipv=1&amp;eav=AfbEmaOJF4TjKCGJ9vebwJWlIZgFyy2dSYdp2VlcfnWFx5KWvvhoWqDrJLkQH0_vIdw\"><span class=\"_5aw4 _qdz\">#A5<\/span><\/a>, se dirigi\u00f3 al barrio Libertad, en el punto se atiende a una paciente de nombre: A. W. de 16 a\u00f1os de edad, misma que presenta Deshidrataci\u00f3n Leve.<br \/> Luego de la respectiva valoraci\u00f3n queda a cargo de Polic\u00eda Nacional.<\/p>\n<p><\/span><\/div>\n<p><a href=\"https:\/\/facebook.com\/story.php?story_fbid=pfbid0332UbSwhGGE3bGH2xYnvpXfiqzwEqdZuNEHLrztpyw9yV3PPCXmHCN9wkXiSmqP9Vl&amp;id=465093860312824&amp;eav=AfYQmeo8srToVOWGZo1Dof-do6WK1cVSaN0OMvDUlpwcZcqcISvYqJgoAjDph4xaEjc&amp;viewer=465093860312824&amp;m_entstream_source=timeline&amp;__tn__=%2As%2As-R&amp;paipv=1\" aria-label=\"Abrir historia\" class=\"_5msj\"><\/a><\/p>\n<p><a href=\"https:\/\/scontent.fuio15-1.fna.fbcdn.net\/v\/t39.30808-6\/278031444_2173812162774310_4914453501495467464_n.jpg?stp=dst-jpg_s720x720&#038;_nc_cat=107&#038;ccb=1-7&#038;_nc_sid=8bfeb9&#038;_nc_eui2=AeHfNP1ycoy-rweDGxtLh5-w2brnzAdF-9LZuufMB0X70trncT0H6Zli6IR3LqoIJWAo-B35pmMb5uSHrntGDeLt&#038;_nc_ohc=nwTOxiObRb8AX-LiJEv&#038;_nc_ht=scontent.fuio15-1.fna&#038;oh=00_AfDp1r83e2RpmYNOxDYFGCS89vr5LDTjYUmE5XXuJ3M5nw&#038;oe=63B9F9C1\"><img decoding=\"async\" class=\"wp_automatic_fb_img\" title=\"\" src=\"https:\/\/scontent.fuio15-1.fna.fbcdn.net\/v\/t39.30808-6\/278031444_2173812162774310_4914453501495467464_n.jpg?stp=dst-jpg_s720x720&#038;_nc_cat=107&#038;ccb=1-7&#038;_nc_sid=8bfeb9&#038;_nc_eui2=AeHfNP1ycoy-rweDGxtLh5-w2brnzAdF-9LZuufMB0X70trncT0H6Zli6IR3LqoIJWAo-B35pmMb5uSHrntGDeLt&#038;_nc_ohc=nwTOxiObRb8AX-LiJEv&#038;_nc_ht=scontent.fuio15-1.fna&#038;oh=00_AfDp1r83e2RpmYNOxDYFGCS89vr5LDTjYUmE5XXuJ3M5nw&#038;oe=63B9F9C1\" \/><\/a><\/p>\n","protected":false},"author":1,"featured_media":3076,"comment_status":"open","ping_status":"open","sticky":false,"template":"","format":"standard","meta":[],"categories":[1],"tags":[1036,408,722,182,1043,251,1038,41],"_links":{"self":[{"href":"https:\/\/bomberos.puyo.gob.ec\/2019\/wp-json\/wp\/v2\/posts\/3075"}],"collection":[{"href":"https:\/\/bomberos.puyo.gob.ec\/2019\/wp-json\/wp\/v2\/posts"}],"about":[{"href":"https:\/\/bomberos.puyo.gob.ec\/2019\/wp-json\/wp\/v2\/types\/post"}],"author":[{"embeddable":true,"href":"https:\/\/bomberos.puyo.gob.ec\/2019\/wp-json\/wp\/v2\/users\/1"}],"replies":[{"embeddable":true,"href":"https:\/\/bomberos.puyo.gob.ec\/2019\/wp-json\/wp\/v2\/comments?post=3075"}],"version-history":[{"count":1,"href":"https:\/\/bomberos.puyo.gob.ec\/2019\/wp-json\/wp\/v2\/posts\/3075\/revisions"}],"predecessor-version":[{"id":3077,"href":"https:\/\/bomberos.puyo.gob.ec\/2019\/wp-json\/wp\/v2\/posts\/3075\/revisions\/3077"}],"wp:featuredmedia":[{"embeddable":true,"href":"https:\/\/bomberos.puyo.gob.ec\/2019\/wp-json\/wp\/v2\/media\/3076"}],"wp:attachment":[{"href":"https:\/\/bomberos.puyo.gob.ec\/2019\/wp-json\/wp\/v2\/media?parent=3075"}],"wp:term":[{"taxonomy":"category","embeddable":true,"href":"https:\/\/bomberos.puyo.gob.ec\/2019\/wp-json\/wp\/v2\/categories?post=3075"},{"taxonomy":"post_tag","embeddable":true,"href":"https:\/\/bomberos.puyo.gob.ec\/2019\/wp-json\/wp\/v2\/tags?post=3075"}],"curies":[{"name":"wp","href":"https:\/\/api.w.org\/{rel}","templated":true}]}}