{"id":3054,"date":"2022-04-11T18:45:41","date_gmt":"2022-04-11T23:45:41","guid":{"rendered":"https:\/\/bomberos.puyo.gob.ec\/emergencia-medica-la-unidad-a5-se-dirigio-al-km-9-via-macas-en-el-punto-s\/"},"modified":"2023-01-03T18:31:56","modified_gmt":"2023-01-03T23:31:56","slug":"emergencia-medica-la-unidad-a5-se-dirigio-al-km-9-via-macas-en-el-punto-s","status":"publish","type":"post","link":"https:\/\/bomberos.puyo.gob.ec\/2019\/emergencia-medica-la-unidad-a5-se-dirigio-al-km-9-via-macas-en-el-punto-s\/","title":{"rendered":"|EMERGENCIA M\u00c9DICA|\n La unidad #A5 se dirigi\u00f3 al Km 9 v\u00eda Macas, en el punto s&#8230;"},"content":{"rendered":"<div><span><\/p>\n<p>|EMERGENCIA M\u00c9DICA|<\/p>\n<p> La unidad <a class=\"_5ayv _qdx\" href=\"https:\/\/facebook.com\/hashtag\/a5?__tn__=%2As-R&amp;paipv=1&amp;eav=Afaa9g7wuCG_w4z1JeEIWff0zMvkoxzISFJtCFBSiv-kcdFve4Vo58f1Coev_KBExZE\"><span class=\"_5aw4 _qdz\">#A5<\/span><\/a> se dirigi\u00f3 al Km 9 v\u00eda Macas, en el punto se atiende a un paciente de nombre: K. A. V. de 17 a\u00f1os de edad, mismo que presenta Politraumatismos m\u00e1s fractura cerrada de Radio y C\u00fabito Izquierdo, es tratado y trasladado al Hospital General Puyo, quedando a cargo del m\u00e9dico de turno.<\/p>\n<p><\/span><\/div>\n<p><a href=\"https:\/\/facebook.com\/story.php?story_fbid=pfbid0kFk2qmXisJDMUP58GsLqxcxoVYkYyaG64AJ6EMawSrsRGb6AtiDMEYN8Wbj9YSRhl&amp;id=465093860312824&amp;eav=AfbBBstVRwXSEz2vHpzJzr6ga1lkJ5doe0jWS973D5t601lYkt484I1XtQbw_Q6s4lE&amp;viewer=465093860312824&amp;m_entstream_source=timeline&amp;__tn__=%2As%2As-R&amp;paipv=1\" aria-label=\"Abrir historia\" class=\"_5msj\"><\/a><\/p>\n<p><a href=\"https:\/\/bomberos.puyo.gob.ec\/2019\/wp-content\/uploads\/EMERGENCIA-MEDICA-La-unidad-A5-se-dirigio-al-Km-9.jpg\"><img decoding=\"async\" class=\"wp_automatic_fb_img\" title=\"\" src=\"https:\/\/bomberos.puyo.gob.ec\/2019\/wp-content\/uploads\/EMERGENCIA-MEDICA-La-unidad-A5-se-dirigio-al-Km-9.jpg\" \/><\/a><br \/>\n<br \/><a href=\"https:\/\/www.facebook.com\/465093860312824\/posts\/2177544355734424\">en facebook&#8230; <\/a>  <\/p>\n","protected":false},"excerpt":{"rendered":"<div><span><\/p>\n<p>|EMERGENCIA M\u00c9DICA|<\/p>\n<p> La unidad <a class=\"_5ayv _qdx\" href=\"https:\/\/facebook.com\/hashtag\/a5?__tn__=%2As-R&amp;paipv=1&amp;eav=Afaa9g7wuCG_w4z1JeEIWff0zMvkoxzISFJtCFBSiv-kcdFve4Vo58f1Coev_KBExZE\"><span class=\"_5aw4 _qdz\">#A5<\/span><\/a> se dirigi\u00f3 al Km 9 v\u00eda Macas, en el punto se atiende a un paciente de nombre: K. A. V. de 17 a\u00f1os de edad, mismo que presenta Politraumatismos m\u00e1s fractura cerrada de Radio y C\u00fabito Izquierdo, es tratado y trasladado al Hospital General Puyo, quedando a cargo del m\u00e9dico de turno.<\/p>\n<p><\/span><\/div>\n<p><a href=\"https:\/\/facebook.com\/story.php?story_fbid=pfbid0kFk2qmXisJDMUP58GsLqxcxoVYkYyaG64AJ6EMawSrsRGb6AtiDMEYN8Wbj9YSRhl&amp;id=465093860312824&amp;eav=AfbBBstVRwXSEz2vHpzJzr6ga1lkJ5doe0jWS973D5t601lYkt484I1XtQbw_Q6s4lE&amp;viewer=465093860312824&amp;m_entstream_source=timeline&amp;__tn__=%2As%2As-R&amp;paipv=1\" aria-label=\"Abrir historia\" class=\"_5msj\"><\/a><\/p>\n<p><a href=\"https:\/\/scontent.fuio15-1.fna.fbcdn.net\/v\/t39.30808-6\/278355085_2177509419071251_7575015729656733885_n.jpg?stp=dst-jpg_s720x720&#038;_nc_cat=107&#038;ccb=1-7&#038;_nc_sid=8bfeb9&#038;_nc_eui2=AeGXjFL3u_keG6JsrkQSbcqMfdy2ihzx44993LaKHPHjj9jnG8uvqkJanj4fijRBbA3tJVl1pj5GEFlnphhA7sUd&#038;_nc_ohc=U0l1Q4o8wCYAX-pfSiY&#038;_nc_ht=scontent.fuio15-1.fna&#038;oh=00_AfDkmZ_mDyyip38x1hj1AhvnYXzOn4gSm9ukkkErYfZK1g&#038;oe=63BA51D6\"><img decoding=\"async\" class=\"wp_automatic_fb_img\" title=\"\" src=\"https:\/\/scontent.fuio15-1.fna.fbcdn.net\/v\/t39.30808-6\/278355085_2177509419071251_7575015729656733885_n.jpg?stp=dst-jpg_s720x720&#038;_nc_cat=107&#038;ccb=1-7&#038;_nc_sid=8bfeb9&#038;_nc_eui2=AeGXjFL3u_keG6JsrkQSbcqMfdy2ihzx44993LaKHPHjj9jnG8uvqkJanj4fijRBbA3tJVl1pj5GEFlnphhA7sUd&#038;_nc_ohc=U0l1Q4o8wCYAX-pfSiY&#038;_nc_ht=scontent.fuio15-1.fna&#038;oh=00_AfDkmZ_mDyyip38x1hj1AhvnYXzOn4gSm9ukkkErYfZK1g&#038;oe=63BA51D6\" \/><\/a><\/p>\n","protected":false},"author":1,"featured_media":3055,"comment_status":"open","ping_status":"open","sticky":false,"template":"","format":"standard","meta":[],"categories":[1],"tags":[1036,722,182,610,251,1038,983,41,609],"_links":{"self":[{"href":"https:\/\/bomberos.puyo.gob.ec\/2019\/wp-json\/wp\/v2\/posts\/3054"}],"collection":[{"href":"https:\/\/bomberos.puyo.gob.ec\/2019\/wp-json\/wp\/v2\/posts"}],"about":[{"href":"https:\/\/bomberos.puyo.gob.ec\/2019\/wp-json\/wp\/v2\/types\/post"}],"author":[{"embeddable":true,"href":"https:\/\/bomberos.puyo.gob.ec\/2019\/wp-json\/wp\/v2\/users\/1"}],"replies":[{"embeddable":true,"href":"https:\/\/bomberos.puyo.gob.ec\/2019\/wp-json\/wp\/v2\/comments?post=3054"}],"version-history":[{"count":1,"href":"https:\/\/bomberos.puyo.gob.ec\/2019\/wp-json\/wp\/v2\/posts\/3054\/revisions"}],"predecessor-version":[{"id":3056,"href":"https:\/\/bomberos.puyo.gob.ec\/2019\/wp-json\/wp\/v2\/posts\/3054\/revisions\/3056"}],"wp:featuredmedia":[{"embeddable":true,"href":"https:\/\/bomberos.puyo.gob.ec\/2019\/wp-json\/wp\/v2\/media\/3055"}],"wp:attachment":[{"href":"https:\/\/bomberos.puyo.gob.ec\/2019\/wp-json\/wp\/v2\/media?parent=3054"}],"wp:term":[{"taxonomy":"category","embeddable":true,"href":"https:\/\/bomberos.puyo.gob.ec\/2019\/wp-json\/wp\/v2\/categories?post=3054"},{"taxonomy":"post_tag","embeddable":true,"href":"https:\/\/bomberos.puyo.gob.ec\/2019\/wp-json\/wp\/v2\/tags?post=3054"}],"curies":[{"name":"wp","href":"https:\/\/api.w.org\/{rel}","templated":true}]}}