{"id":3051,"date":"2022-04-12T21:15:12","date_gmt":"2022-04-13T02:15:12","guid":{"rendered":"https:\/\/bomberos.puyo.gob.ec\/emergencia-medica-la-unidad-a5-se-dirigio-al-barrio-intipungo-en-el-punto\/"},"modified":"2023-01-03T17:13:37","modified_gmt":"2023-01-03T22:13:37","slug":"emergencia-medica-la-unidad-a5-se-dirigio-al-barrio-intipungo-en-el-punto","status":"publish","type":"post","link":"https:\/\/bomberos.puyo.gob.ec\/2019\/emergencia-medica-la-unidad-a5-se-dirigio-al-barrio-intipungo-en-el-punto\/","title":{"rendered":"|EMERGENCIA M\u00c9DICA|\n La unidad #A5 se dirigi\u00f3 al barrio Intipungo en el punto &#8230;"},"content":{"rendered":"<div><span><\/p>\n<p>|EMERGENCIA M\u00c9DICA|<\/p>\n<p> La unidad <a class=\"_5ayv _qdx\" href=\"https:\/\/facebook.com\/hashtag\/a5?__tn__=%2As-R&amp;paipv=1&amp;eav=Afadf4j_l8y-IK2CmX5rPhn0bLjcl9OoAg0v5NHJr0fVqzbgwbtQ3Nwevlz_rJ3FZ1M\"><span class=\"_5aw4 _qdz\">#A5<\/span><\/a> se dirigi\u00f3 al barrio Intipungo en el punto se atiende a un paciente de nombre: C. M. de 31 a\u00f1os de edad, mismo que presenta una herida cortante en la regi\u00f3n occipital, luego de la respectiva valoraci\u00f3n es trasladado al Hospital Del IESS Puyo donde lo recibe el m\u00e9dico de turno.<\/p>\n<p><\/span><\/div>\n<p><a href=\"https:\/\/facebook.com\/story.php?story_fbid=pfbid0tWr7CsZ1dE4eyXvsMBBXXAyN7uPNQReAd8xyyoRu1nejkah3vNRXHuLhG4Cn84u2l&amp;id=465093860312824&amp;eav=AfZESgyC9AggE8M8fms4Nw0-1_3dJco9q03RT-LDSRckn8L86hgX4bJ08o8DeT51jkA&amp;viewer=465093860312824&amp;m_entstream_source=timeline&amp;__tn__=%2As%2As-R&amp;paipv=1\" aria-label=\"Abrir historia\" class=\"_5msj\"><\/a><\/p>\n<p><a href=\"https:\/\/bomberos.puyo.gob.ec\/2019\/wp-content\/uploads\/EMERGENCIA-MEDICA-La-unidad-A5-se-dirigio-al-barrio-Intipungo.jpg\"><img decoding=\"async\" class=\"wp_automatic_fb_img\" title=\"\" src=\"https:\/\/bomberos.puyo.gob.ec\/2019\/wp-content\/uploads\/EMERGENCIA-MEDICA-La-unidad-A5-se-dirigio-al-barrio-Intipungo.jpg\" \/><\/a><br \/>\n<br \/><a href=\"https:\/\/www.facebook.com\/465093860312824\/posts\/2178373605651499\">en facebook&#8230; <\/a>  <\/p>\n","protected":false},"excerpt":{"rendered":"<div><span><\/p>\n<p>|EMERGENCIA M\u00c9DICA|<\/p>\n<p> La unidad <a class=\"_5ayv _qdx\" href=\"https:\/\/facebook.com\/hashtag\/a5?__tn__=%2As-R&amp;paipv=1&amp;eav=Afadf4j_l8y-IK2CmX5rPhn0bLjcl9OoAg0v5NHJr0fVqzbgwbtQ3Nwevlz_rJ3FZ1M\"><span class=\"_5aw4 _qdz\">#A5<\/span><\/a> se dirigi\u00f3 al barrio Intipungo en el punto se atiende a un paciente de nombre: C. M. de 31 a\u00f1os de edad, mismo que presenta una herida cortante en la regi\u00f3n occipital, luego de la respectiva valoraci\u00f3n es trasladado al Hospital Del IESS Puyo donde lo recibe el m\u00e9dico de turno.<\/p>\n<p><\/span><\/div>\n<p><a href=\"https:\/\/facebook.com\/story.php?story_fbid=pfbid0tWr7CsZ1dE4eyXvsMBBXXAyN7uPNQReAd8xyyoRu1nejkah3vNRXHuLhG4Cn84u2l&amp;id=465093860312824&amp;eav=AfZESgyC9AggE8M8fms4Nw0-1_3dJco9q03RT-LDSRckn8L86hgX4bJ08o8DeT51jkA&amp;viewer=465093860312824&amp;m_entstream_source=timeline&amp;__tn__=%2As%2As-R&amp;paipv=1\" aria-label=\"Abrir historia\" class=\"_5msj\"><\/a><\/p>\n<p><a href=\"https:\/\/scontent.fuio15-1.fna.fbcdn.net\/v\/t39.30808-6\/278436808_2178373575651502_3586471860787655289_n.jpg?stp=dst-jpg_s640x640&#038;_nc_cat=100&#038;ccb=1-7&#038;_nc_sid=8bfeb9&#038;_nc_eui2=AeGEyF2pX8aFqkVCZzL_tc_ZNu6_GoJ09tw27r8agnT23Inm4hFVrV_EWreSOzMf9kBuAWe8i_CcEXXRi9TEvGPh&#038;_nc_ohc=_gsgux0RL0sAX-6O6ue&#038;_nc_ht=scontent.fuio15-1.fna&#038;oh=00_AfDVAcVdHElGDcl8YnG11L5kp6yDUQZliiQqzPt1xsELdA&#038;oe=63B9F4DD\"><img decoding=\"async\" class=\"wp_automatic_fb_img\" title=\"\" src=\"https:\/\/scontent.fuio15-1.fna.fbcdn.net\/v\/t39.30808-6\/278436808_2178373575651502_3586471860787655289_n.jpg?stp=dst-jpg_s640x640&#038;_nc_cat=100&#038;ccb=1-7&#038;_nc_sid=8bfeb9&#038;_nc_eui2=AeGEyF2pX8aFqkVCZzL_tc_ZNu6_GoJ09tw27r8agnT23Inm4hFVrV_EWreSOzMf9kBuAWe8i_CcEXXRi9TEvGPh&#038;_nc_ohc=_gsgux0RL0sAX-6O6ue&#038;_nc_ht=scontent.fuio15-1.fna&#038;oh=00_AfDVAcVdHElGDcl8YnG11L5kp6yDUQZliiQqzPt1xsELdA&#038;oe=63B9F4DD\" \/><\/a><\/p>\n","protected":false},"author":1,"featured_media":3052,"comment_status":"open","ping_status":"open","sticky":false,"template":"","format":"standard","meta":[],"categories":[1],"tags":[1036,408,722,182,1037,251,1038,41],"_links":{"self":[{"href":"https:\/\/bomberos.puyo.gob.ec\/2019\/wp-json\/wp\/v2\/posts\/3051"}],"collection":[{"href":"https:\/\/bomberos.puyo.gob.ec\/2019\/wp-json\/wp\/v2\/posts"}],"about":[{"href":"https:\/\/bomberos.puyo.gob.ec\/2019\/wp-json\/wp\/v2\/types\/post"}],"author":[{"embeddable":true,"href":"https:\/\/bomberos.puyo.gob.ec\/2019\/wp-json\/wp\/v2\/users\/1"}],"replies":[{"embeddable":true,"href":"https:\/\/bomberos.puyo.gob.ec\/2019\/wp-json\/wp\/v2\/comments?post=3051"}],"version-history":[{"count":1,"href":"https:\/\/bomberos.puyo.gob.ec\/2019\/wp-json\/wp\/v2\/posts\/3051\/revisions"}],"predecessor-version":[{"id":3053,"href":"https:\/\/bomberos.puyo.gob.ec\/2019\/wp-json\/wp\/v2\/posts\/3051\/revisions\/3053"}],"wp:featuredmedia":[{"embeddable":true,"href":"https:\/\/bomberos.puyo.gob.ec\/2019\/wp-json\/wp\/v2\/media\/3052"}],"wp:attachment":[{"href":"https:\/\/bomberos.puyo.gob.ec\/2019\/wp-json\/wp\/v2\/media?parent=3051"}],"wp:term":[{"taxonomy":"category","embeddable":true,"href":"https:\/\/bomberos.puyo.gob.ec\/2019\/wp-json\/wp\/v2\/categories?post=3051"},{"taxonomy":"post_tag","embeddable":true,"href":"https:\/\/bomberos.puyo.gob.ec\/2019\/wp-json\/wp\/v2\/tags?post=3051"}],"curies":[{"name":"wp","href":"https:\/\/api.w.org\/{rel}","templated":true}]}}