{"id":3048,"date":"2022-04-14T22:39:08","date_gmt":"2022-04-15T03:39:08","guid":{"rendered":"https:\/\/bomberos.puyo.gob.ec\/emergencia-medica-la-unidad-a5-se-dirigio-a-el-sector-del-paico-en-el-punt\/"},"modified":"2023-01-03T15:08:21","modified_gmt":"2023-01-03T20:08:21","slug":"emergencia-medica-la-unidad-a5-se-dirigio-a-el-sector-del-paico-en-el-punt","status":"publish","type":"post","link":"https:\/\/bomberos.puyo.gob.ec\/2019\/emergencia-medica-la-unidad-a5-se-dirigio-a-el-sector-del-paico-en-el-punt\/","title":{"rendered":"|EMERGENCIA M\u00c9DICA|\n La unidad A5 se dirigi\u00f3 a el sector del Paico, en el punt&#8230;"},"content":{"rendered":"<div><span><\/p>\n<p>|EMERGENCIA M\u00c9DICA|<\/p>\n<p> La unidad A5 se dirigi\u00f3 a el sector del Paico, en el punto se atiende a una paciente de nombre: C. C. L. F de 27 a\u00f1os de edad con 37 semanas de gestaci\u00f3n, luego de la respectiva valoraci\u00f3n es trasladada al Hospital General Puyo quedando a cargo del m\u00e9dico de turno.<\/p>\n<p><\/span><\/div>\n<p><a href=\"https:\/\/facebook.com\/story.php?story_fbid=pfbid0LWby7Mxmy3oJGQFYhy5JZQ9gHVF5UB5dbP6bPsBxsk8QDbGwXczXuzAQ3d4qAc7tl&amp;id=465093860312824&amp;eav=AfY8X6hhiwTS_TJMmBCNRb6fo0KUApQ7kipCJDx9hb1X_ViWSQ54gNYn5tMj4FDwjyY&amp;viewer=465093860312824&amp;m_entstream_source=timeline&amp;__tn__=%2As%2As-R&amp;paipv=1\" aria-label=\"Abrir historia\" class=\"_5msj\"><\/a><\/p>\n<p><a href=\"https:\/\/bomberos.puyo.gob.ec\/2019\/wp-content\/uploads\/EMERGENCIA-MEDICA-La-unidad-A5-se-dirigio-a-el-sector.jpg\"><img decoding=\"async\" class=\"wp_automatic_fb_img\" title=\"\" src=\"https:\/\/bomberos.puyo.gob.ec\/2019\/wp-content\/uploads\/EMERGENCIA-MEDICA-La-unidad-A5-se-dirigio-a-el-sector.jpg\" \/><\/a><br \/>\n<br \/><a href=\"https:\/\/www.facebook.com\/465093860312824\/posts\/2179898138832379\">en facebook&#8230; <\/a>  <\/p>\n","protected":false},"excerpt":{"rendered":"<div><span><\/p>\n<p>|EMERGENCIA M\u00c9DICA|<\/p>\n<p> La unidad A5 se dirigi\u00f3 a el sector del Paico, en el punto se atiende a una paciente de nombre: C. C. L. F de 27 a\u00f1os de edad con 37 semanas de gestaci\u00f3n, luego de la respectiva valoraci\u00f3n es trasladada al Hospital General Puyo quedando a cargo del m\u00e9dico de turno.<\/p>\n<p><\/span><\/div>\n<p><a href=\"https:\/\/facebook.com\/story.php?story_fbid=pfbid0LWby7Mxmy3oJGQFYhy5JZQ9gHVF5UB5dbP6bPsBxsk8QDbGwXczXuzAQ3d4qAc7tl&amp;id=465093860312824&amp;eav=AfY8X6hhiwTS_TJMmBCNRb6fo0KUApQ7kipCJDx9hb1X_ViWSQ54gNYn5tMj4FDwjyY&amp;viewer=465093860312824&amp;m_entstream_source=timeline&amp;__tn__=%2As%2As-R&amp;paipv=1\" aria-label=\"Abrir historia\" class=\"_5msj\"><\/a><\/p>\n<p><a href=\"https:\/\/scontent.fuio15-1.fna.fbcdn.net\/v\/t39.30808-6\/278571940_2179898118832381_4554000895031555456_n.jpg?stp=dst-jpg_s640x640&#038;_nc_cat=101&#038;ccb=1-7&#038;_nc_sid=8bfeb9&#038;_nc_eui2=AeFJX0WrRbq-3MnNbFp6CMEdRVvQype9u_xFW9DKl727_IDStMSk_1rEeNZnKlBRq6lYxkoqayq774sOq60Tc0yX&#038;_nc_ohc=2uAb-U4vWUIAX_6Ccq0&#038;_nc_ht=scontent.fuio15-1.fna&#038;oh=00_AfCk-QNJEPBkliobZQpsSGzcwyvvT7prvyZ5q8wlGDqdNQ&#038;oe=63B8BA48\"><img decoding=\"async\" class=\"wp_automatic_fb_img\" title=\"\" src=\"https:\/\/scontent.fuio15-1.fna.fbcdn.net\/v\/t39.30808-6\/278571940_2179898118832381_4554000895031555456_n.jpg?stp=dst-jpg_s640x640&#038;_nc_cat=101&#038;ccb=1-7&#038;_nc_sid=8bfeb9&#038;_nc_eui2=AeFJX0WrRbq-3MnNbFp6CMEdRVvQype9u_xFW9DKl727_IDStMSk_1rEeNZnKlBRq6lYxkoqayq774sOq60Tc0yX&#038;_nc_ohc=2uAb-U4vWUIAX_6Ccq0&#038;_nc_ht=scontent.fuio15-1.fna&#038;oh=00_AfCk-QNJEPBkliobZQpsSGzcwyvvT7prvyZ5q8wlGDqdNQ&#038;oe=63B8BA48\" \/><\/a><\/p>\n","protected":false},"author":1,"featured_media":3049,"comment_status":"open","ping_status":"open","sticky":false,"template":"","format":"standard","meta":[],"categories":[1],"tags":[32,722,182,251,652,1035,276,41],"_links":{"self":[{"href":"https:\/\/bomberos.puyo.gob.ec\/2019\/wp-json\/wp\/v2\/posts\/3048"}],"collection":[{"href":"https:\/\/bomberos.puyo.gob.ec\/2019\/wp-json\/wp\/v2\/posts"}],"about":[{"href":"https:\/\/bomberos.puyo.gob.ec\/2019\/wp-json\/wp\/v2\/types\/post"}],"author":[{"embeddable":true,"href":"https:\/\/bomberos.puyo.gob.ec\/2019\/wp-json\/wp\/v2\/users\/1"}],"replies":[{"embeddable":true,"href":"https:\/\/bomberos.puyo.gob.ec\/2019\/wp-json\/wp\/v2\/comments?post=3048"}],"version-history":[{"count":1,"href":"https:\/\/bomberos.puyo.gob.ec\/2019\/wp-json\/wp\/v2\/posts\/3048\/revisions"}],"predecessor-version":[{"id":3050,"href":"https:\/\/bomberos.puyo.gob.ec\/2019\/wp-json\/wp\/v2\/posts\/3048\/revisions\/3050"}],"wp:featuredmedia":[{"embeddable":true,"href":"https:\/\/bomberos.puyo.gob.ec\/2019\/wp-json\/wp\/v2\/media\/3049"}],"wp:attachment":[{"href":"https:\/\/bomberos.puyo.gob.ec\/2019\/wp-json\/wp\/v2\/media?parent=3048"}],"wp:term":[{"taxonomy":"category","embeddable":true,"href":"https:\/\/bomberos.puyo.gob.ec\/2019\/wp-json\/wp\/v2\/categories?post=3048"},{"taxonomy":"post_tag","embeddable":true,"href":"https:\/\/bomberos.puyo.gob.ec\/2019\/wp-json\/wp\/v2\/tags?post=3048"}],"curies":[{"name":"wp","href":"https:\/\/api.w.org\/{rel}","templated":true}]}}