{"id":3043,"date":"2022-04-15T18:39:55","date_gmt":"2022-04-15T23:39:55","guid":{"rendered":"https:\/\/bomberos.puyo.gob.ec\/operativo-feriado-semana-santa-la-unidad-r2-se-dirigio-con-rescatistas-a-da\/"},"modified":"2023-01-03T12:59:00","modified_gmt":"2023-01-03T17:59:00","slug":"operativo-feriado-semana-santa-la-unidad-r2-se-dirigio-con-rescatistas-a-da","status":"publish","type":"post","link":"https:\/\/bomberos.puyo.gob.ec\/2019\/operativo-feriado-semana-santa-la-unidad-r2-se-dirigio-con-rescatistas-a-da\/","title":{"rendered":"|OPERATIVO FERIADO SEMANA SANTA|\n La unidad R2 se dirigi\u00f3 con rescatistas a da&#8230;"},"content":{"rendered":"<div><span><\/p>\n<p>|OPERATIVO FERIADO SEMANA SANTA|<\/p>\n<p> La unidad R2 se dirigi\u00f3 con rescatistas a dar seguridad en los diferentes puntos tur\u00edsticos como son los diques de: F\u00e1tima, Pambay, Murialdo y Mal\u00e9con Boayaku Puyu.<\/p>\n<p><\/span><\/div>\n<p><a href=\"https:\/\/facebook.com\/story.php?story_fbid=pfbid0ZjuwG56CrTmuYBJcX2hvW5zzXbaagPyJjHhMZmWqEnUFnV3aumrANdNJ4hEhLFg8l&amp;id=465093860312824&amp;eav=AfZW7mKbcoZUqIE6F-6Sxa3TsVSYMDCEW9TjCJQqGqgoVR-ov1hDA5ZHkdZV20ARpOQ&amp;viewer=465093860312824&amp;m_entstream_source=timeline&amp;__tn__=%2As%2As-R&amp;paipv=1\" aria-label=\"Abrir historia\" class=\"_5msj\"><\/a><\/p>\n<p><a href=\"https:\/\/bomberos.puyo.gob.ec\/2019\/wp-content\/uploads\/OPERATIVO-FERIADO-SEMANA-SANTA-La-unidad-R2-se-dirigio-con.jpg\"><img decoding=\"async\" class=\"wp_automatic_fb_img\" title=\"\" src=\"https:\/\/bomberos.puyo.gob.ec\/2019\/wp-content\/uploads\/OPERATIVO-FERIADO-SEMANA-SANTA-La-unidad-R2-se-dirigio-con.jpg\" \/><\/a><br \/><a href=\"https:\/\/bomberos.puyo.gob.ec\/2019\/wp-content\/uploads\/1672768738_270_OPERATIVO-FERIADO-SEMANA-SANTA-La-unidad-R2-se-dirigio-con.jpg\"><img decoding=\"async\" class=\"wp_automatic_fb_img\" title=\"\" src=\"https:\/\/bomberos.puyo.gob.ec\/2019\/wp-content\/uploads\/1672768738_270_OPERATIVO-FERIADO-SEMANA-SANTA-La-unidad-R2-se-dirigio-con.jpg\" \/><\/a><br \/><a href=\"https:\/\/bomberos.puyo.gob.ec\/2019\/wp-content\/uploads\/1672768738_87_OPERATIVO-FERIADO-SEMANA-SANTA-La-unidad-R2-se-dirigio-con.jpg\"><img decoding=\"async\" class=\"wp_automatic_fb_img\" title=\"\" src=\"https:\/\/bomberos.puyo.gob.ec\/2019\/wp-content\/uploads\/1672768738_87_OPERATIVO-FERIADO-SEMANA-SANTA-La-unidad-R2-se-dirigio-con.jpg\" \/><\/a><br \/>\n<br \/><a href=\"https:\/\/www.facebook.com\/465093860312824\/posts\/2180529468769246\">en facebook&#8230; <\/a>  <\/p>\n","protected":false},"excerpt":{"rendered":"<div><span><\/p>\n<p>|OPERATIVO FERIADO SEMANA SANTA|<\/p>\n<p> La unidad R2 se dirigi\u00f3 con rescatistas a dar seguridad en los diferentes puntos tur\u00edsticos como son los diques de: F\u00e1tima, Pambay, Murialdo y Mal\u00e9con Boayaku Puyu.<\/p>\n<p><\/span><\/div>\n<p><a href=\"https:\/\/facebook.com\/story.php?story_fbid=pfbid0ZjuwG56CrTmuYBJcX2hvW5zzXbaagPyJjHhMZmWqEnUFnV3aumrANdNJ4hEhLFg8l&amp;id=465093860312824&amp;eav=AfZW7mKbcoZUqIE6F-6Sxa3TsVSYMDCEW9TjCJQqGqgoVR-ov1hDA5ZHkdZV20ARpOQ&amp;viewer=465093860312824&amp;m_entstream_source=timeline&amp;__tn__=%2As%2As-R&amp;paipv=1\" aria-label=\"Abrir historia\" class=\"_5msj\"><\/a><\/p>\n<p><a href=\"https:\/\/scontent.fuio15-1.fna.fbcdn.net\/v\/t39.30808-6\/278646493_2180529385435921_4546206616366431047_n.jpg?_nc_cat=107&#038;ccb=1-7&#038;_nc_sid=8bfeb9&#038;_nc_eui2=AeH0YtZpTMb6Pr9O2dqM839ORmDlIibabXFGYOUiJtptccq88hgvQiRuXUcT4hnUVId3SzZfi63e3ddUl7togjOf&#038;_nc_ohc=n7RDbtHATiAAX_W0uF6&#038;_nc_ht=scontent.fuio15-1.fna&#038;oh=00_AfDTXaODfsXnsJBA55tA-BCnc3zvtcLCAkXpBJdT_ar58g&#038;oe=63B8B5C5\"><img decoding=\"async\" class=\"wp_automatic_fb_img\" title=\"\" src=\"https:\/\/scontent.fuio15-1.fna.fbcdn.net\/v\/t39.30808-6\/278646493_2180529385435921_4546206616366431047_n.jpg?_nc_cat=107&#038;ccb=1-7&#038;_nc_sid=8bfeb9&#038;_nc_eui2=AeH0YtZpTMb6Pr9O2dqM839ORmDlIibabXFGYOUiJtptccq88hgvQiRuXUcT4hnUVId3SzZfi63e3ddUl7togjOf&#038;_nc_ohc=n7RDbtHATiAAX_W0uF6&#038;_nc_ht=scontent.fuio15-1.fna&#038;oh=00_AfDTXaODfsXnsJBA55tA-BCnc3zvtcLCAkXpBJdT_ar58g&#038;oe=63B8B5C5\" \/><\/a><br \/><a href=\"https:\/\/scontent.fuio15-1.fna.fbcdn.net\/v\/t39.30808-6\/278524253_2180529405435919_2604556562023100571_n.jpg?_nc_cat=104&#038;ccb=1-7&#038;_nc_sid=8bfeb9&#038;_nc_eui2=AeFRonTfePG7HvRus9Klq4Ny2p5rWI4luGDanmtYjiW4YINEpxvLwuPDSSvFeKy89Q6yVinSLZBq51IxHVkhEfPW&#038;_nc_ohc=Xwia-KlB3OcAX_sbsHy&#038;_nc_ht=scontent.fuio15-1.fna&#038;oh=00_AfDu6qWBJI2ouKIKpT99JvS5AMPEbhM_hT8a20JJhif1ng&#038;oe=63B9AB97\"><img decoding=\"async\" class=\"wp_automatic_fb_img\" title=\"\" src=\"https:\/\/scontent.fuio15-1.fna.fbcdn.net\/v\/t39.30808-6\/278524253_2180529405435919_2604556562023100571_n.jpg?_nc_cat=104&#038;ccb=1-7&#038;_nc_sid=8bfeb9&#038;_nc_eui2=AeFRonTfePG7HvRus9Klq4Ny2p5rWI4luGDanmtYjiW4YINEpxvLwuPDSSvFeKy89Q6yVinSLZBq51IxHVkhEfPW&#038;_nc_ohc=Xwia-KlB3OcAX_sbsHy&#038;_nc_ht=scontent.fuio15-1.fna&#038;oh=00_AfDu6qWBJI2ouKIKpT99JvS5AMPEbhM_hT8a20JJhif1ng&#038;oe=63B9AB97\" \/><\/a><br \/><a href=\"https:\/\/scontent.fuio15-1.fna.fbcdn.net\/v\/t39.30808-6\/278601690_2180529395435920_3251897982351158742_n.jpg?_nc_cat=104&#038;ccb=1-7&#038;_nc_sid=8bfeb9&#038;_nc_eui2=AeFAfhxDc6LqpZeR2ZFmLqW4xhgvx1LEkQnGGC_HUsSRCVMZgehB2rF7D5Hnqh3XJvKhN4uAJoxVpcerqjvJc-99&#038;_nc_ohc=JIFD72aDUikAX-fbEdK&#038;_nc_ht=scontent.fuio15-1.fna&#038;oh=00_AfBoS7pGlnY4S1DM6AnslOM525YACRmp1gdctrwENA0uFg&#038;oe=63B8D354\"><img decoding=\"async\" class=\"wp_automatic_fb_img\" title=\"\" src=\"https:\/\/scontent.fuio15-1.fna.fbcdn.net\/v\/t39.30808-6\/278601690_2180529395435920_3251897982351158742_n.jpg?_nc_cat=104&#038;ccb=1-7&#038;_nc_sid=8bfeb9&#038;_nc_eui2=AeFAfhxDc6LqpZeR2ZFmLqW4xhgvx1LEkQnGGC_HUsSRCVMZgehB2rF7D5Hnqh3XJvKhN4uAJoxVpcerqjvJc-99&#038;_nc_ohc=JIFD72aDUikAX-fbEdK&#038;_nc_ht=scontent.fuio15-1.fna&#038;oh=00_AfBoS7pGlnY4S1DM6AnslOM525YACRmp1gdctrwENA0uFg&#038;oe=63B8D354\" \/><\/a><\/p>\n","protected":false},"author":1,"featured_media":3044,"comment_status":"open","ping_status":"open","sticky":false,"template":"","format":"standard","meta":[],"categories":[1],"tags":[42,1034,722,131,494,1033,1030,1029,41],"_links":{"self":[{"href":"https:\/\/bomberos.puyo.gob.ec\/2019\/wp-json\/wp\/v2\/posts\/3043"}],"collection":[{"href":"https:\/\/bomberos.puyo.gob.ec\/2019\/wp-json\/wp\/v2\/posts"}],"about":[{"href":"https:\/\/bomberos.puyo.gob.ec\/2019\/wp-json\/wp\/v2\/types\/post"}],"author":[{"embeddable":true,"href":"https:\/\/bomberos.puyo.gob.ec\/2019\/wp-json\/wp\/v2\/users\/1"}],"replies":[{"embeddable":true,"href":"https:\/\/bomberos.puyo.gob.ec\/2019\/wp-json\/wp\/v2\/comments?post=3043"}],"version-history":[{"count":1,"href":"https:\/\/bomberos.puyo.gob.ec\/2019\/wp-json\/wp\/v2\/posts\/3043\/revisions"}],"predecessor-version":[{"id":3045,"href":"https:\/\/bomberos.puyo.gob.ec\/2019\/wp-json\/wp\/v2\/posts\/3043\/revisions\/3045"}],"wp:featuredmedia":[{"embeddable":true,"href":"https:\/\/bomberos.puyo.gob.ec\/2019\/wp-json\/wp\/v2\/media\/3044"}],"wp:attachment":[{"href":"https:\/\/bomberos.puyo.gob.ec\/2019\/wp-json\/wp\/v2\/media?parent=3043"}],"wp:term":[{"taxonomy":"category","embeddable":true,"href":"https:\/\/bomberos.puyo.gob.ec\/2019\/wp-json\/wp\/v2\/categories?post=3043"},{"taxonomy":"post_tag","embeddable":true,"href":"https:\/\/bomberos.puyo.gob.ec\/2019\/wp-json\/wp\/v2\/tags?post=3043"}],"curies":[{"name":"wp","href":"https:\/\/api.w.org\/{rel}","templated":true}]}}