{"id":3034,"date":"2022-04-16T22:47:00","date_gmt":"2022-04-17T03:47:00","guid":{"rendered":"https:\/\/bomberos.puyo.gob.ec\/emergencia-medica-50\/"},"modified":"2023-01-03T08:50:50","modified_gmt":"2023-01-03T13:50:50","slug":"emergencia-medica-50","status":"publish","type":"post","link":"https:\/\/bomberos.puyo.gob.ec\/2019\/emergencia-medica-50\/","title":{"rendered":"|EMERGENCIA M\u00c9DICA|&#8230;"},"content":{"rendered":"<p>|EMERGENCIA M\u00c9DICA|<\/p>\n<p>La unidad A5 se dirigi\u00f3 al barrio Eloy Alfaro, en el punto se atiende a un paciente de nombre: V. A. K. M. de 21 a\u00f1os de edad, mismo que presenta halitosis similar al alcohol m\u00e1s una herida abrasiva en las extremidades superiores por una agresi\u00f3n f\u00edsica m\u00e1s intento de robo,  luego de la respectiva valoraci\u00f3n es atendido en el lugar quedando a cargo de la Polic\u00eda Nacional.<\/p>\n<p><a href=\"https:\/\/bomberos.puyo.gob.ec\/2019\/wp-content\/uploads\/1672753849_470_EMERGENCIA-MEDICA.jpg\"><img decoding=\"async\" class=\"wp_automatic_fb_img\" title=\"\" src=\"https:\/\/bomberos.puyo.gob.ec\/2019\/wp-content\/uploads\/1672753849_470_EMERGENCIA-MEDICA.jpg\" \/><\/a><br \/>\n<br \/><a href=\"https:\/\/www.facebook.com\/465093860312824\/posts\/2181467512008775\">en facebook&#8230; <\/a>  <\/p>\n","protected":false},"excerpt":{"rendered":"<p>|EMERGENCIA M\u00c9DICA|<\/p>\n<p>La unidad A5 se dirigi\u00f3 al barrio Eloy Alfaro, en el punto se atiende a un paciente de nombre: V. A. K. M. de 21 a\u00f1os de edad, mismo que presenta halitosis similar al alcohol m\u00e1s una herida abrasiva en las extremidades superiores por una agresi\u00f3n f\u00edsica m\u00e1s intento de robo,  luego de la respectiva valoraci\u00f3n es atendido en el lugar quedando a cargo de la Polic\u00eda Nacional.<\/p>\n<p><a href=\"https:\/\/scontent.fuio15-1.fna.fbcdn.net\/v\/t39.30808-6\/278707015_2181445512010975_5879537649146892495_n.jpg?stp=dst-jpg_s640x640&#038;_nc_cat=110&#038;ccb=1-7&#038;_nc_sid=8bfeb9&#038;_nc_eui2=AeEq0hIXUFmJN4u2uWVRVS696SJ0jnWBqj3pInSOdYGqPbq3EPEePkvGXcJF_g1bXBvVPPI62O3IQar4usMW8i0x&#038;_nc_ohc=wOxJEfQVmZUAX8vJetM&#038;_nc_ht=scontent.fuio15-1.fna&#038;oh=00_AfCBUrLsv42PYEoUyF2fZ6-Hlmwinchm99_LGEtnVFP3eA&#038;oe=63B9F4F1\"><img decoding=\"async\" class=\"wp_automatic_fb_img\" title=\"\" src=\"https:\/\/scontent.fuio15-1.fna.fbcdn.net\/v\/t39.30808-6\/278707015_2181445512010975_5879537649146892495_n.jpg?stp=dst-jpg_s640x640&#038;_nc_cat=110&#038;ccb=1-7&#038;_nc_sid=8bfeb9&#038;_nc_eui2=AeEq0hIXUFmJN4u2uWVRVS696SJ0jnWBqj3pInSOdYGqPbq3EPEePkvGXcJF_g1bXBvVPPI62O3IQar4usMW8i0x&#038;_nc_ohc=wOxJEfQVmZUAX8vJetM&#038;_nc_ht=scontent.fuio15-1.fna&#038;oh=00_AfCBUrLsv42PYEoUyF2fZ6-Hlmwinchm99_LGEtnVFP3eA&#038;oe=63B9F4F1\" \/><\/a><\/p>\n","protected":false},"author":1,"featured_media":3035,"comment_status":"open","ping_status":"open","sticky":false,"template":"","format":"standard","meta":[],"categories":[1],"tags":[182,251],"_links":{"self":[{"href":"https:\/\/bomberos.puyo.gob.ec\/2019\/wp-json\/wp\/v2\/posts\/3034"}],"collection":[{"href":"https:\/\/bomberos.puyo.gob.ec\/2019\/wp-json\/wp\/v2\/posts"}],"about":[{"href":"https:\/\/bomberos.puyo.gob.ec\/2019\/wp-json\/wp\/v2\/types\/post"}],"author":[{"embeddable":true,"href":"https:\/\/bomberos.puyo.gob.ec\/2019\/wp-json\/wp\/v2\/users\/1"}],"replies":[{"embeddable":true,"href":"https:\/\/bomberos.puyo.gob.ec\/2019\/wp-json\/wp\/v2\/comments?post=3034"}],"version-history":[{"count":1,"href":"https:\/\/bomberos.puyo.gob.ec\/2019\/wp-json\/wp\/v2\/posts\/3034\/revisions"}],"predecessor-version":[{"id":3036,"href":"https:\/\/bomberos.puyo.gob.ec\/2019\/wp-json\/wp\/v2\/posts\/3034\/revisions\/3036"}],"wp:featuredmedia":[{"embeddable":true,"href":"https:\/\/bomberos.puyo.gob.ec\/2019\/wp-json\/wp\/v2\/media\/3035"}],"wp:attachment":[{"href":"https:\/\/bomberos.puyo.gob.ec\/2019\/wp-json\/wp\/v2\/media?parent=3034"}],"wp:term":[{"taxonomy":"category","embeddable":true,"href":"https:\/\/bomberos.puyo.gob.ec\/2019\/wp-json\/wp\/v2\/categories?post=3034"},{"taxonomy":"post_tag","embeddable":true,"href":"https:\/\/bomberos.puyo.gob.ec\/2019\/wp-json\/wp\/v2\/tags?post=3034"}],"curies":[{"name":"wp","href":"https:\/\/api.w.org\/{rel}","templated":true}]}}