{"id":3025,"date":"2022-04-20T17:40:04","date_gmt":"2022-04-20T22:40:04","guid":{"rendered":"https:\/\/bomberos.puyo.gob.ec\/capacitacion-el-departamento-de-prevencion-de-incendios-realiza-una-capacit-6\/"},"modified":"2023-01-03T04:30:56","modified_gmt":"2023-01-03T09:30:56","slug":"capacitacion-el-departamento-de-prevencion-de-incendios-realiza-una-capacit-6","status":"publish","type":"post","link":"https:\/\/bomberos.puyo.gob.ec\/2019\/capacitacion-el-departamento-de-prevencion-de-incendios-realiza-una-capacit-6\/","title":{"rendered":"|CAPACITACI\u00d3N|\n El Departamento de Prevenci\u00f3n de Incendios realiza una capacit&#8230;"},"content":{"rendered":"<div><span><\/p>\n<p>|CAPACITACI\u00d3N|<\/p>\n<p> El Departamento de Prevenci\u00f3n de Incendios realiza una capacitaci\u00f3n al personal de la Estaci\u00f3n de Servicio de Combustible de la Parroquia Sim\u00f3n Bolivar, con los temas:<br \/> &#8211; Prevenci\u00f3n de incendios.<br \/> &#8211; Identificaci\u00f3n y uso correcto de extintores norma NFPA10.<br \/> &#8211; Evacuaci\u00f3n.<br \/> &#8211; Primeros auxilios.<\/p>\n<p><\/span><\/div>\n<p><a href=\"https:\/\/facebook.com\/story.php?story_fbid=pfbid0kVq9DutedGrp9dT1dNNgcTVwUcuWQ6D5mBZMR63Z1q7UtLjUuNdXitCLyQf7mgcEl&amp;id=465093860312824&amp;eav=AfbkJMCofWkM2gzxRrEAfWvphMEwpoLtDAG-Dmj3uCtd78wkmjomrDTZteWOrSCU60Q&amp;viewer=465093860312824&amp;m_entstream_source=timeline&amp;__tn__=%2As%2As-R&amp;paipv=1\" aria-label=\"Abrir historia\" class=\"_5msj\"><\/a><\/p>\n<p><a href=\"https:\/\/bomberos.puyo.gob.ec\/2019\/wp-content\/uploads\/1672738255_200_CAPACITACION-El-Departamento-de-Prevencion-de-Incendios-realiza-una-capacit.jpg\"><img decoding=\"async\" class=\"wp_automatic_fb_img\" title=\"\" src=\"https:\/\/bomberos.puyo.gob.ec\/2019\/wp-content\/uploads\/1672738255_200_CAPACITACION-El-Departamento-de-Prevencion-de-Incendios-realiza-una-capacit.jpg\" \/><\/a><br \/>\n<br \/><a href=\"https:\/\/www.facebook.com\/465093860312824\/posts\/2184257051729821\">en facebook&#8230; <\/a>  <\/p>\n","protected":false},"excerpt":{"rendered":"<div><span><\/p>\n<p>|CAPACITACI\u00d3N|<\/p>\n<p> El Departamento de Prevenci\u00f3n de Incendios realiza una capacitaci\u00f3n al personal de la Estaci\u00f3n de Servicio de Combustible de la Parroquia Sim\u00f3n Bolivar, con los temas:<br \/> &#8211; Prevenci\u00f3n de incendios.<br \/> &#8211; Identificaci\u00f3n y uso correcto de extintores norma NFPA10.<br \/> &#8211; Evacuaci\u00f3n.<br \/> &#8211; Primeros auxilios.<\/p>\n<p><\/span><\/div>\n<p><a href=\"https:\/\/facebook.com\/story.php?story_fbid=pfbid0kVq9DutedGrp9dT1dNNgcTVwUcuWQ6D5mBZMR63Z1q7UtLjUuNdXitCLyQf7mgcEl&amp;id=465093860312824&amp;eav=AfbkJMCofWkM2gzxRrEAfWvphMEwpoLtDAG-Dmj3uCtd78wkmjomrDTZteWOrSCU60Q&amp;viewer=465093860312824&amp;m_entstream_source=timeline&amp;__tn__=%2As%2As-R&amp;paipv=1\" aria-label=\"Abrir historia\" class=\"_5msj\"><\/a><\/p>\n<p><a href=\"https:\/\/scontent.fuio15-1.fna.fbcdn.net\/v\/t39.30808-6\/278865717_2184257011729825_6779979700851407267_n.jpg?stp=dst-jpg_s720x720&#038;_nc_cat=106&#038;ccb=1-7&#038;_nc_sid=8bfeb9&#038;_nc_eui2=AeHcbtObSnwcaJMobFGwlT4VZ-FMhhqXGBdn4UyGGpcYF6E6h4pJtXbM0cSHwSb6lOHggM44kIX_gt8KOwkn9Ifu&#038;_nc_ohc=IysmmwnnjQAAX_VzeTi&#038;_nc_ht=scontent.fuio15-1.fna&#038;oh=00_AfDxzDX6RT0Kx62pdUJy2sqICaS3P_OJ5jUjYyE2BqvWbA&#038;oe=63B87FE7\"><img decoding=\"async\" class=\"wp_automatic_fb_img\" title=\"\" src=\"https:\/\/scontent.fuio15-1.fna.fbcdn.net\/v\/t39.30808-6\/278865717_2184257011729825_6779979700851407267_n.jpg?stp=dst-jpg_s720x720&#038;_nc_cat=106&#038;ccb=1-7&#038;_nc_sid=8bfeb9&#038;_nc_eui2=AeHcbtObSnwcaJMobFGwlT4VZ-FMhhqXGBdn4UyGGpcYF6E6h4pJtXbM0cSHwSb6lOHggM44kIX_gt8KOwkn9Ifu&#038;_nc_ohc=IysmmwnnjQAAX_VzeTi&#038;_nc_ht=scontent.fuio15-1.fna&#038;oh=00_AfDxzDX6RT0Kx62pdUJy2sqICaS3P_OJ5jUjYyE2BqvWbA&#038;oe=63B87FE7\" \/><\/a><\/p>\n","protected":false},"author":1,"featured_media":3026,"comment_status":"open","ping_status":"open","sticky":false,"template":"","format":"standard","meta":[],"categories":[1],"tags":[1023,65,83,309,39,692,119],"_links":{"self":[{"href":"https:\/\/bomberos.puyo.gob.ec\/2019\/wp-json\/wp\/v2\/posts\/3025"}],"collection":[{"href":"https:\/\/bomberos.puyo.gob.ec\/2019\/wp-json\/wp\/v2\/posts"}],"about":[{"href":"https:\/\/bomberos.puyo.gob.ec\/2019\/wp-json\/wp\/v2\/types\/post"}],"author":[{"embeddable":true,"href":"https:\/\/bomberos.puyo.gob.ec\/2019\/wp-json\/wp\/v2\/users\/1"}],"replies":[{"embeddable":true,"href":"https:\/\/bomberos.puyo.gob.ec\/2019\/wp-json\/wp\/v2\/comments?post=3025"}],"version-history":[{"count":1,"href":"https:\/\/bomberos.puyo.gob.ec\/2019\/wp-json\/wp\/v2\/posts\/3025\/revisions"}],"predecessor-version":[{"id":3027,"href":"https:\/\/bomberos.puyo.gob.ec\/2019\/wp-json\/wp\/v2\/posts\/3025\/revisions\/3027"}],"wp:featuredmedia":[{"embeddable":true,"href":"https:\/\/bomberos.puyo.gob.ec\/2019\/wp-json\/wp\/v2\/media\/3026"}],"wp:attachment":[{"href":"https:\/\/bomberos.puyo.gob.ec\/2019\/wp-json\/wp\/v2\/media?parent=3025"}],"wp:term":[{"taxonomy":"category","embeddable":true,"href":"https:\/\/bomberos.puyo.gob.ec\/2019\/wp-json\/wp\/v2\/categories?post=3025"},{"taxonomy":"post_tag","embeddable":true,"href":"https:\/\/bomberos.puyo.gob.ec\/2019\/wp-json\/wp\/v2\/tags?post=3025"}],"curies":[{"name":"wp","href":"https:\/\/api.w.org\/{rel}","templated":true}]}}