{"id":3019,"date":"2022-04-21T23:45:44","date_gmt":"2022-04-22T04:45:44","guid":{"rendered":"https:\/\/bomberos.puyo.gob.ec\/emergencia-medica-la-unidad-a5-se-dirigio-a-las-calles-via-tarqui-y-los-ant\/"},"modified":"2023-01-03T02:25:27","modified_gmt":"2023-01-03T07:25:27","slug":"emergencia-medica-la-unidad-a5-se-dirigio-a-las-calles-via-tarqui-y-los-ant","status":"publish","type":"post","link":"https:\/\/bomberos.puyo.gob.ec\/2019\/emergencia-medica-la-unidad-a5-se-dirigio-a-las-calles-via-tarqui-y-los-ant\/","title":{"rendered":"|EMERGENCIA M\u00c9DICA|\n La unidad A5 se dirigi\u00f3 a las calles V\u00eda Tarqu\u00ed y los Ant&#8230;"},"content":{"rendered":"<div><span><\/p>\n<p>|EMERGENCIA M\u00c9DICA|<\/p>\n<p> La unidad A5 se dirigi\u00f3 a las calles V\u00eda Tarqu\u00ed y los Anturios en el punto se atiende a un paciente de nombre: A. D. I. S. de 9 a\u00f1os de edad, mismo que presenta Politraumatismos  producto de un accidente de tr\u00e1nsito en motocicleta,  luego de la respectiva valoraci\u00f3n es trasladado al Hospital General Puyo.<\/p>\n<p><\/span><\/div>\n<p><a href=\"https:\/\/facebook.com\/story.php?story_fbid=pfbid0oDy2697D4utNNRYPhAnSNMRPFGjgNPfz8yHQrt9vBi26d6vtfBxYynsVKwyyv9Vul&amp;id=465093860312824&amp;eav=AfacKKfBV66hRH7SbaynPlacYyikQ2GqB6PK-m-iFrPMK3AirGS0X3y2oj6SXCjnCtY&amp;viewer=465093860312824&amp;m_entstream_source=timeline&amp;__tn__=%2As%2As-R&amp;paipv=1\" aria-label=\"Abrir historia\" class=\"_5msj\"><\/a><\/p>\n<p><a href=\"https:\/\/bomberos.puyo.gob.ec\/2019\/wp-content\/uploads\/EMERGENCIA-MEDICA-La-unidad-A5-se-dirigio-a-las-calles.jpg\"><img decoding=\"async\" class=\"wp_automatic_fb_img\" title=\"\" src=\"https:\/\/bomberos.puyo.gob.ec\/2019\/wp-content\/uploads\/EMERGENCIA-MEDICA-La-unidad-A5-se-dirigio-a-las-calles.jpg\" \/><\/a><br \/>\n<br \/><a href=\"https:\/\/www.facebook.com\/465093860312824\/posts\/2185210601634466\">en facebook&#8230; <\/a>  <\/p>\n","protected":false},"excerpt":{"rendered":"<div><span><\/p>\n<p>|EMERGENCIA M\u00c9DICA|<\/p>\n<p> La unidad A5 se dirigi\u00f3 a las calles V\u00eda Tarqu\u00ed y los Anturios en el punto se atiende a un paciente de nombre: A. D. I. S. de 9 a\u00f1os de edad, mismo que presenta Politraumatismos  producto de un accidente de tr\u00e1nsito en motocicleta,  luego de la respectiva valoraci\u00f3n es trasladado al Hospital General Puyo.<\/p>\n<p><\/span><\/div>\n<p><a href=\"https:\/\/facebook.com\/story.php?story_fbid=pfbid0oDy2697D4utNNRYPhAnSNMRPFGjgNPfz8yHQrt9vBi26d6vtfBxYynsVKwyyv9Vul&amp;id=465093860312824&amp;eav=AfacKKfBV66hRH7SbaynPlacYyikQ2GqB6PK-m-iFrPMK3AirGS0X3y2oj6SXCjnCtY&amp;viewer=465093860312824&amp;m_entstream_source=timeline&amp;__tn__=%2As%2As-R&amp;paipv=1\" aria-label=\"Abrir historia\" class=\"_5msj\"><\/a><\/p>\n<p><a href=\"https:\/\/scontent.fuio15-1.fna.fbcdn.net\/v\/t39.30808-6\/278996506_2185183431637183_5223797841312505491_n.jpg?stp=dst-jpg_s640x640&#038;_nc_cat=106&#038;ccb=1-7&#038;_nc_sid=8bfeb9&#038;_nc_eui2=AeE-3377cp0wVSlp0oZRitqu_syH1L3gmsD-zIfUveCawPs-qZmFzp0VmYllLIV_T3REZuMMGo-kkD43zIXrnQf9&#038;_nc_ohc=OoSygEgokCYAX-3sKDl&#038;_nc_ht=scontent.fuio15-1.fna&#038;oh=00_AfAZtVjymExQaemUp_25QBjwURWIwa9SRjqtPPQU09Z2tw&#038;oe=63B8870A\"><img decoding=\"async\" class=\"wp_automatic_fb_img\" title=\"\" src=\"https:\/\/scontent.fuio15-1.fna.fbcdn.net\/v\/t39.30808-6\/278996506_2185183431637183_5223797841312505491_n.jpg?stp=dst-jpg_s640x640&#038;_nc_cat=106&#038;ccb=1-7&#038;_nc_sid=8bfeb9&#038;_nc_eui2=AeE-3377cp0wVSlp0oZRitqu_syH1L3gmsD-zIfUveCawPs-qZmFzp0VmYllLIV_T3REZuMMGo-kkD43zIXrnQf9&#038;_nc_ohc=OoSygEgokCYAX-3sKDl&#038;_nc_ht=scontent.fuio15-1.fna&#038;oh=00_AfAZtVjymExQaemUp_25QBjwURWIwa9SRjqtPPQU09Z2tw&#038;oe=63B8870A\" \/><\/a><\/p>\n","protected":false},"author":1,"featured_media":3020,"comment_status":"open","ping_status":"open","sticky":false,"template":"","format":"standard","meta":[],"categories":[1],"tags":[922,401,722,182,22,125,251,782,41,609],"_links":{"self":[{"href":"https:\/\/bomberos.puyo.gob.ec\/2019\/wp-json\/wp\/v2\/posts\/3019"}],"collection":[{"href":"https:\/\/bomberos.puyo.gob.ec\/2019\/wp-json\/wp\/v2\/posts"}],"about":[{"href":"https:\/\/bomberos.puyo.gob.ec\/2019\/wp-json\/wp\/v2\/types\/post"}],"author":[{"embeddable":true,"href":"https:\/\/bomberos.puyo.gob.ec\/2019\/wp-json\/wp\/v2\/users\/1"}],"replies":[{"embeddable":true,"href":"https:\/\/bomberos.puyo.gob.ec\/2019\/wp-json\/wp\/v2\/comments?post=3019"}],"version-history":[{"count":1,"href":"https:\/\/bomberos.puyo.gob.ec\/2019\/wp-json\/wp\/v2\/posts\/3019\/revisions"}],"predecessor-version":[{"id":3021,"href":"https:\/\/bomberos.puyo.gob.ec\/2019\/wp-json\/wp\/v2\/posts\/3019\/revisions\/3021"}],"wp:featuredmedia":[{"embeddable":true,"href":"https:\/\/bomberos.puyo.gob.ec\/2019\/wp-json\/wp\/v2\/media\/3020"}],"wp:attachment":[{"href":"https:\/\/bomberos.puyo.gob.ec\/2019\/wp-json\/wp\/v2\/media?parent=3019"}],"wp:term":[{"taxonomy":"category","embeddable":true,"href":"https:\/\/bomberos.puyo.gob.ec\/2019\/wp-json\/wp\/v2\/categories?post=3019"},{"taxonomy":"post_tag","embeddable":true,"href":"https:\/\/bomberos.puyo.gob.ec\/2019\/wp-json\/wp\/v2\/tags?post=3019"}],"curies":[{"name":"wp","href":"https:\/\/api.w.org\/{rel}","templated":true}]}}