{"id":2998,"date":"2022-04-26T18:08:49","date_gmt":"2022-04-26T23:08:49","guid":{"rendered":"https:\/\/bomberos.puyo.gob.ec\/capacitacion-el-departamento-de-prevencion-de-incendios-realiza-una-capacit-5\/"},"modified":"2023-01-02T16:54:19","modified_gmt":"2023-01-02T21:54:19","slug":"capacitacion-el-departamento-de-prevencion-de-incendios-realiza-una-capacit-5","status":"publish","type":"post","link":"https:\/\/bomberos.puyo.gob.ec\/2019\/capacitacion-el-departamento-de-prevencion-de-incendios-realiza-una-capacit-5\/","title":{"rendered":"|CAPACITACI\u00d3N|\n El Departamento de Prevenci\u00f3n de Incendios realiza una Capacit&#8230;"},"content":{"rendered":"<div><span><\/p>\n<p>|CAPACITACI\u00d3N|<\/p>\n<p> El Departamento de Prevenci\u00f3n de Incendios realiza una Capacitaci\u00f3n al personal de la Estaci\u00f3n de Servicio Azor, con los temas: <br \/> &#8211; Prevenci\u00f3n de incendios, <br \/> &#8211; Identificaci\u00f3n y uso correcto de extintores norma NFPA10, <br \/> &#8211; Evacuaci\u00f3n,<br \/> &#8211; Primeros auxilios.<\/p>\n<p><\/span><\/div>\n<p><a href=\"https:\/\/facebook.com\/story.php?story_fbid=pfbid02rkQZEK59YZqazeGSNRBHaecjZLD72T1SgKi8XhEXYdbCeg3cpVUn94AtRtx4jUz3l&amp;id=465093860312824&amp;eav=AfaRygqXgZPsLunS_PF5VXgOcicYUnOhydTZdZ3zYpigtr7p5rA5EFpt0ZmQ24WfsW4&amp;viewer=465093860312824&amp;m_entstream_source=timeline&amp;__tn__=%2As%2As-R&amp;paipv=1\" aria-label=\"Abrir historia\" class=\"_5msj\"><\/a><\/p>\n<p><a href=\"https:\/\/bomberos.puyo.gob.ec\/2019\/wp-content\/uploads\/1672696458_236_CAPACITACION-El-Departamento-de-Prevencion-de-Incendios-realiza-una-Capacit.jpg\"><img decoding=\"async\" class=\"wp_automatic_fb_img\" title=\"\" src=\"https:\/\/bomberos.puyo.gob.ec\/2019\/wp-content\/uploads\/1672696458_236_CAPACITACION-El-Departamento-de-Prevencion-de-Incendios-realiza-una-Capacit.jpg\" \/><\/a><br \/><a href=\"https:\/\/bomberos.puyo.gob.ec\/2019\/wp-content\/uploads\/1672696458_487_CAPACITACION-El-Departamento-de-Prevencion-de-Incendios-realiza-una-Capacit.jpg\"><img decoding=\"async\" class=\"wp_automatic_fb_img\" title=\"\" src=\"https:\/\/bomberos.puyo.gob.ec\/2019\/wp-content\/uploads\/1672696458_487_CAPACITACION-El-Departamento-de-Prevencion-de-Incendios-realiza-una-Capacit.jpg\" \/><\/a><br \/>\n<br \/><a href=\"https:\/\/www.facebook.com\/465093860312824\/posts\/2188826721272854\">en facebook&#8230; <\/a>  <\/p>\n","protected":false},"excerpt":{"rendered":"<div><span><\/p>\n<p>|CAPACITACI\u00d3N|<\/p>\n<p> El Departamento de Prevenci\u00f3n de Incendios realiza una Capacitaci\u00f3n al personal de la Estaci\u00f3n de Servicio Azor, con los temas: <br \/> &#8211; Prevenci\u00f3n de incendios, <br \/> &#8211; Identificaci\u00f3n y uso correcto de extintores norma NFPA10, <br \/> &#8211; Evacuaci\u00f3n,<br \/> &#8211; Primeros auxilios.<\/p>\n<p><\/span><\/div>\n<p><a href=\"https:\/\/facebook.com\/story.php?story_fbid=pfbid02rkQZEK59YZqazeGSNRBHaecjZLD72T1SgKi8XhEXYdbCeg3cpVUn94AtRtx4jUz3l&amp;id=465093860312824&amp;eav=AfaRygqXgZPsLunS_PF5VXgOcicYUnOhydTZdZ3zYpigtr7p5rA5EFpt0ZmQ24WfsW4&amp;viewer=465093860312824&amp;m_entstream_source=timeline&amp;__tn__=%2As%2As-R&amp;paipv=1\" aria-label=\"Abrir historia\" class=\"_5msj\"><\/a><\/p>\n<p><a href=\"https:\/\/scontent.fuio15-1.fna.fbcdn.net\/v\/t39.30808-6\/279392744_2188790164609843_5672270749494112119_n.jpg?_nc_cat=109&#038;ccb=1-7&#038;_nc_sid=8bfeb9&#038;_nc_eui2=AeEF955uAkzBHRcscooa9ex7gwcmvA-XD7KDBya8D5cPsqz4EGWfCDPjDqtj7909WMGiVYGI9iMRM2kWQWneBIsA&#038;_nc_ohc=tsvtC0khsGkAX-dLqo3&#038;_nc_ht=scontent.fuio15-1.fna&#038;oh=00_AfDrEX7U8LhrRlg8xnEkLSr6kZi63-DwRR-IETmvXUr2Mg&#038;oe=63B85CD3\"><img decoding=\"async\" class=\"wp_automatic_fb_img\" title=\"\" src=\"https:\/\/scontent.fuio15-1.fna.fbcdn.net\/v\/t39.30808-6\/279392744_2188790164609843_5672270749494112119_n.jpg?_nc_cat=109&#038;ccb=1-7&#038;_nc_sid=8bfeb9&#038;_nc_eui2=AeEF955uAkzBHRcscooa9ex7gwcmvA-XD7KDBya8D5cPsqz4EGWfCDPjDqtj7909WMGiVYGI9iMRM2kWQWneBIsA&#038;_nc_ohc=tsvtC0khsGkAX-dLqo3&#038;_nc_ht=scontent.fuio15-1.fna&#038;oh=00_AfDrEX7U8LhrRlg8xnEkLSr6kZi63-DwRR-IETmvXUr2Mg&#038;oe=63B85CD3\" \/><\/a><br \/><a href=\"https:\/\/scontent.fuio15-1.fna.fbcdn.net\/v\/t39.30808-6\/279299473_2188790167943176_851511432790719595_n.jpg?_nc_cat=103&#038;ccb=1-7&#038;_nc_sid=8bfeb9&#038;_nc_eui2=AeHDVHWIg-vQNYuruOBr7rDcIFs__B2QAuUgWz_8HZAC5TPAOvszIr3xPnXOzMyECvZpEkqUsmrq6E3xJHOu-ukp&#038;_nc_ohc=iBxuqaHd_FkAX-RZBkz&#038;_nc_ht=scontent.fuio15-1.fna&#038;oh=00_AfCv8aMDxiiIsBiAwoNQZfThR8lJmuFOoADoDq69iJTTaw&#038;oe=63B89DE0\"><img decoding=\"async\" class=\"wp_automatic_fb_img\" title=\"\" src=\"https:\/\/scontent.fuio15-1.fna.fbcdn.net\/v\/t39.30808-6\/279299473_2188790167943176_851511432790719595_n.jpg?_nc_cat=103&#038;ccb=1-7&#038;_nc_sid=8bfeb9&#038;_nc_eui2=AeHDVHWIg-vQNYuruOBr7rDcIFs__B2QAuUgWz_8HZAC5TPAOvszIr3xPnXOzMyECvZpEkqUsmrq6E3xJHOu-ukp&#038;_nc_ohc=iBxuqaHd_FkAX-RZBkz&#038;_nc_ht=scontent.fuio15-1.fna&#038;oh=00_AfCv8aMDxiiIsBiAwoNQZfThR8lJmuFOoADoDq69iJTTaw&#038;oe=63B89DE0\" \/><\/a><\/p>\n","protected":false},"author":1,"featured_media":2999,"comment_status":"open","ping_status":"open","sticky":false,"template":"","format":"standard","meta":[],"categories":[1],"tags":[1023,65,83,309,39,692,119],"_links":{"self":[{"href":"https:\/\/bomberos.puyo.gob.ec\/2019\/wp-json\/wp\/v2\/posts\/2998"}],"collection":[{"href":"https:\/\/bomberos.puyo.gob.ec\/2019\/wp-json\/wp\/v2\/posts"}],"about":[{"href":"https:\/\/bomberos.puyo.gob.ec\/2019\/wp-json\/wp\/v2\/types\/post"}],"author":[{"embeddable":true,"href":"https:\/\/bomberos.puyo.gob.ec\/2019\/wp-json\/wp\/v2\/users\/1"}],"replies":[{"embeddable":true,"href":"https:\/\/bomberos.puyo.gob.ec\/2019\/wp-json\/wp\/v2\/comments?post=2998"}],"version-history":[{"count":1,"href":"https:\/\/bomberos.puyo.gob.ec\/2019\/wp-json\/wp\/v2\/posts\/2998\/revisions"}],"predecessor-version":[{"id":3000,"href":"https:\/\/bomberos.puyo.gob.ec\/2019\/wp-json\/wp\/v2\/posts\/2998\/revisions\/3000"}],"wp:featuredmedia":[{"embeddable":true,"href":"https:\/\/bomberos.puyo.gob.ec\/2019\/wp-json\/wp\/v2\/media\/2999"}],"wp:attachment":[{"href":"https:\/\/bomberos.puyo.gob.ec\/2019\/wp-json\/wp\/v2\/media?parent=2998"}],"wp:term":[{"taxonomy":"category","embeddable":true,"href":"https:\/\/bomberos.puyo.gob.ec\/2019\/wp-json\/wp\/v2\/categories?post=2998"},{"taxonomy":"post_tag","embeddable":true,"href":"https:\/\/bomberos.puyo.gob.ec\/2019\/wp-json\/wp\/v2\/tags?post=2998"}],"curies":[{"name":"wp","href":"https:\/\/api.w.org\/{rel}","templated":true}]}}