{"id":2995,"date":"2022-04-27T07:52:19","date_gmt":"2022-04-27T12:52:19","guid":{"rendered":"https:\/\/bomberos.puyo.gob.ec\/capacitacion-8\/"},"modified":"2023-01-02T15:51:37","modified_gmt":"2023-01-02T20:51:37","slug":"capacitacion-8","status":"publish","type":"post","link":"https:\/\/bomberos.puyo.gob.ec\/2019\/capacitacion-8\/","title":{"rendered":"|CAPACITACI\u00d3N|&#8230;"},"content":{"rendered":"<p>|CAPACITACI\u00d3N|<\/p>\n<p>El Departamento de Prevenci\u00f3n de Incendios realiz\u00f3 una capacitaci\u00f3n al personal de la Estaci\u00f3n de Servicio de Combustible del Consejo Provincial de Pastaza sector las Am\u00e9ricas, con los temas:<br \/>\n&#8211; Prevenci\u00f3n de incendios,<br \/>\n&#8211; Identificaci\u00f3n y uso correcto de extintores norma NFPA10,<br \/>\n&#8211; Evacuaci\u00f3n,<br \/>\n&#8211; Primeros auxilios.<\/p>\n<p><a href=\"https:\/\/bomberos.puyo.gob.ec\/2019\/wp-content\/uploads\/1672692695_638_CAPACITACION.jpg\"><img decoding=\"async\" class=\"wp_automatic_fb_img\" title=\"\" src=\"https:\/\/bomberos.puyo.gob.ec\/2019\/wp-content\/uploads\/1672692695_638_CAPACITACION.jpg\" \/><\/a><br \/><a href=\"https:\/\/bomberos.puyo.gob.ec\/2019\/wp-content\/uploads\/1672692695_586_CAPACITACION.jpg\"><img decoding=\"async\" class=\"wp_automatic_fb_img\" title=\"\" src=\"https:\/\/bomberos.puyo.gob.ec\/2019\/wp-content\/uploads\/1672692695_586_CAPACITACION.jpg\" \/><\/a><br \/><a href=\"https:\/\/bomberos.puyo.gob.ec\/2019\/wp-content\/uploads\/1672692696_431_CAPACITACION.jpg\"><img decoding=\"async\" class=\"wp_automatic_fb_img\" title=\"\" src=\"https:\/\/bomberos.puyo.gob.ec\/2019\/wp-content\/uploads\/1672692696_431_CAPACITACION.jpg\" \/><\/a><br \/>\n<br \/><a href=\"https:\/\/www.facebook.com\/465093860312824\/posts\/2189219954566864\">en facebook&#8230; <\/a>  <\/p>\n","protected":false},"excerpt":{"rendered":"<p>|CAPACITACI\u00d3N|<\/p>\n<p>El Departamento de Prevenci\u00f3n de Incendios realiz\u00f3 una capacitaci\u00f3n al personal de la Estaci\u00f3n de Servicio de Combustible del Consejo Provincial de Pastaza sector las Am\u00e9ricas, con los temas:<br \/>\n&#8211; Prevenci\u00f3n de incendios,<br \/>\n&#8211; Identificaci\u00f3n y uso correcto de extintores norma NFPA10,<br \/>\n&#8211; Evacuaci\u00f3n,<br \/>\n&#8211; Primeros auxilios.<\/p>\n<p><a href=\"https:\/\/scontent.fuio15-1.fna.fbcdn.net\/v\/t39.30808-6\/279352212_2188979234590936_1981855483593563610_n.jpg?_nc_cat=103&#038;ccb=1-7&#038;_nc_sid=8bfeb9&#038;_nc_eui2=AeGjmvI_k16BYmZTpaFQmFABobSl-vp-wIOhtKX6-n7Ag81SKsSDiNJQEUg6P_DEeTqkRNLoEkaD3-yV-U1F2gqS&#038;_nc_ohc=ZtOUnod8Ja0AX9bcX0V&#038;_nc_ht=scontent.fuio15-1.fna&#038;oh=00_AfCESVQVnhzPoqvgpTwLVJA-YJ4puSEaheZQ9Wu-K3EXAA&#038;oe=63B8FFE9\"><img decoding=\"async\" class=\"wp_automatic_fb_img\" title=\"\" src=\"https:\/\/scontent.fuio15-1.fna.fbcdn.net\/v\/t39.30808-6\/279352212_2188979234590936_1981855483593563610_n.jpg?_nc_cat=103&#038;ccb=1-7&#038;_nc_sid=8bfeb9&#038;_nc_eui2=AeGjmvI_k16BYmZTpaFQmFABobSl-vp-wIOhtKX6-n7Ag81SKsSDiNJQEUg6P_DEeTqkRNLoEkaD3-yV-U1F2gqS&#038;_nc_ohc=ZtOUnod8Ja0AX9bcX0V&#038;_nc_ht=scontent.fuio15-1.fna&#038;oh=00_AfCESVQVnhzPoqvgpTwLVJA-YJ4puSEaheZQ9Wu-K3EXAA&#038;oe=63B8FFE9\" \/><\/a><br \/><a href=\"https:\/\/scontent.fuio15-1.fna.fbcdn.net\/v\/t39.30808-6\/279363301_2188979237924269_2827458480682067130_n.jpg?_nc_cat=105&#038;ccb=1-7&#038;_nc_sid=8bfeb9&#038;_nc_eui2=AeG724LJS9aFcMJg-acuM4tBVq1L0d4AhLFWrUvR3gCEse_uaRASwkbhoAvmcggcwTVojW5tIASz-kBa2fY6h6Vi&#038;_nc_ohc=-lsVVcW5xRUAX9vLalA&#038;_nc_ht=scontent.fuio15-1.fna&#038;oh=00_AfCapmBGoW4ON0n_ArfksJe_NEVoAvoKcqjJr9NgUBOX-Q&#038;oe=63B878A5\"><img decoding=\"async\" class=\"wp_automatic_fb_img\" title=\"\" src=\"https:\/\/scontent.fuio15-1.fna.fbcdn.net\/v\/t39.30808-6\/279363301_2188979237924269_2827458480682067130_n.jpg?_nc_cat=105&#038;ccb=1-7&#038;_nc_sid=8bfeb9&#038;_nc_eui2=AeG724LJS9aFcMJg-acuM4tBVq1L0d4AhLFWrUvR3gCEse_uaRASwkbhoAvmcggcwTVojW5tIASz-kBa2fY6h6Vi&#038;_nc_ohc=-lsVVcW5xRUAX9vLalA&#038;_nc_ht=scontent.fuio15-1.fna&#038;oh=00_AfCapmBGoW4ON0n_ArfksJe_NEVoAvoKcqjJr9NgUBOX-Q&#038;oe=63B878A5\" \/><\/a><br \/><a href=\"https:\/\/scontent.fuio15-1.fna.fbcdn.net\/v\/t39.30808-6\/279296461_2188979247924268_4755576589835726430_n.jpg?_nc_cat=103&#038;ccb=1-7&#038;_nc_sid=8bfeb9&#038;_nc_eui2=AeFzvMvZRcF33JHEkgWQj1_3ainexJWPeY1qKd7ElY95jTPpN7SkfBTWep2swKi75cfk_Egl45v1cqfVYXuU_uNY&#038;_nc_ohc=tDIABzOn8-oAX9DNn6n&#038;_nc_ht=scontent.fuio15-1.fna&#038;oh=00_AfDFVm6l6C6tFpp51Dyf-6ruM9AVEjQp1TK9w6XgbjRBzw&#038;oe=63B8FFE6\"><img decoding=\"async\" class=\"wp_automatic_fb_img\" title=\"\" src=\"https:\/\/scontent.fuio15-1.fna.fbcdn.net\/v\/t39.30808-6\/279296461_2188979247924268_4755576589835726430_n.jpg?_nc_cat=103&#038;ccb=1-7&#038;_nc_sid=8bfeb9&#038;_nc_eui2=AeFzvMvZRcF33JHEkgWQj1_3ainexJWPeY1qKd7ElY95jTPpN7SkfBTWep2swKi75cfk_Egl45v1cqfVYXuU_uNY&#038;_nc_ohc=tDIABzOn8-oAX9DNn6n&#038;_nc_ht=scontent.fuio15-1.fna&#038;oh=00_AfDFVm6l6C6tFpp51Dyf-6ruM9AVEjQp1TK9w6XgbjRBzw&#038;oe=63B8FFE6\" \/><\/a><\/p>\n","protected":false},"author":1,"featured_media":2996,"comment_status":"open","ping_status":"open","sticky":false,"template":"","format":"standard","meta":[],"categories":[1],"tags":[65],"_links":{"self":[{"href":"https:\/\/bomberos.puyo.gob.ec\/2019\/wp-json\/wp\/v2\/posts\/2995"}],"collection":[{"href":"https:\/\/bomberos.puyo.gob.ec\/2019\/wp-json\/wp\/v2\/posts"}],"about":[{"href":"https:\/\/bomberos.puyo.gob.ec\/2019\/wp-json\/wp\/v2\/types\/post"}],"author":[{"embeddable":true,"href":"https:\/\/bomberos.puyo.gob.ec\/2019\/wp-json\/wp\/v2\/users\/1"}],"replies":[{"embeddable":true,"href":"https:\/\/bomberos.puyo.gob.ec\/2019\/wp-json\/wp\/v2\/comments?post=2995"}],"version-history":[{"count":1,"href":"https:\/\/bomberos.puyo.gob.ec\/2019\/wp-json\/wp\/v2\/posts\/2995\/revisions"}],"predecessor-version":[{"id":2997,"href":"https:\/\/bomberos.puyo.gob.ec\/2019\/wp-json\/wp\/v2\/posts\/2995\/revisions\/2997"}],"wp:featuredmedia":[{"embeddable":true,"href":"https:\/\/bomberos.puyo.gob.ec\/2019\/wp-json\/wp\/v2\/media\/2996"}],"wp:attachment":[{"href":"https:\/\/bomberos.puyo.gob.ec\/2019\/wp-json\/wp\/v2\/media?parent=2995"}],"wp:term":[{"taxonomy":"category","embeddable":true,"href":"https:\/\/bomberos.puyo.gob.ec\/2019\/wp-json\/wp\/v2\/categories?post=2995"},{"taxonomy":"post_tag","embeddable":true,"href":"https:\/\/bomberos.puyo.gob.ec\/2019\/wp-json\/wp\/v2\/tags?post=2995"}],"curies":[{"name":"wp","href":"https:\/\/api.w.org\/{rel}","templated":true}]}}