{"id":2992,"date":"2022-04-27T09:02:50","date_gmt":"2022-04-27T14:02:50","guid":{"rendered":"https:\/\/bomberos.puyo.gob.ec\/capacitacion-el-departamento-de-prevencion-de-incendios-realiza-una-capacit-4\/"},"modified":"2023-01-02T14:38:53","modified_gmt":"2023-01-02T19:38:53","slug":"capacitacion-el-departamento-de-prevencion-de-incendios-realiza-una-capacit-4","status":"publish","type":"post","link":"https:\/\/bomberos.puyo.gob.ec\/2019\/capacitacion-el-departamento-de-prevencion-de-incendios-realiza-una-capacit-4\/","title":{"rendered":"|CAPACITACI\u00d3N|\n El Departamento de Prevenci\u00f3n de Incendios realiza una capacit&#8230;"},"content":{"rendered":"<div><span><\/p>\n<p>|CAPACITACI\u00d3N|<\/p>\n<p> El Departamento de Prevenci\u00f3n de Incendios realiza una capacitaci\u00f3n al personal de la Estaci\u00f3n de Servicio de combustible \u00abPUYO\u00bb, con los temas: <br \/> &#8211; Prevenci\u00f3n de incendios, <br \/> &#8211; Identificaci\u00f3n y uso correcto de extintores norma NFPA10, <br \/> &#8211; Evacuaci\u00f3n,<br \/> &#8211; Primeros auxilios.<\/p>\n<p><\/span><\/div>\n<p><a href=\"https:\/\/facebook.com\/story.php?story_fbid=pfbid02FA7mTV59VxZBTHfXKpnHgG1ji2o22o2Pw7ZLKe1y6Z6fTDMCS3Hsd14yVvAWqSXnl&amp;id=465093860312824&amp;eav=AfalrEjEKlQ_OY8IkEAbsgz8MzZhwiaEH41EP_vF-ZQvbBOc4ehL7TTVsmBi81pzYyQ&amp;viewer=465093860312824&amp;m_entstream_source=timeline&amp;__tn__=%2As%2As-R&amp;paipv=1\" aria-label=\"Abrir historia\" class=\"_5msj\"><\/a><\/p>\n<p><a href=\"https:\/\/bomberos.puyo.gob.ec\/2019\/wp-content\/uploads\/1672688333_671_CAPACITACION-El-Departamento-de-Prevencion-de-Incendios-realiza-una-capacit.jpg\"><img decoding=\"async\" class=\"wp_automatic_fb_img\" title=\"\" src=\"https:\/\/bomberos.puyo.gob.ec\/2019\/wp-content\/uploads\/1672688333_671_CAPACITACION-El-Departamento-de-Prevencion-de-Incendios-realiza-una-capacit.jpg\" \/><\/a><br \/>\n<br \/><a href=\"https:\/\/www.facebook.com\/465093860312824\/posts\/2189259101229616\">en facebook&#8230; <\/a>  <\/p>\n","protected":false},"excerpt":{"rendered":"<div><span><\/p>\n<p>|CAPACITACI\u00d3N|<\/p>\n<p> El Departamento de Prevenci\u00f3n de Incendios realiza una capacitaci\u00f3n al personal de la Estaci\u00f3n de Servicio de combustible \u00abPUYO\u00bb, con los temas: <br \/> &#8211; Prevenci\u00f3n de incendios, <br \/> &#8211; Identificaci\u00f3n y uso correcto de extintores norma NFPA10, <br \/> &#8211; Evacuaci\u00f3n,<br \/> &#8211; Primeros auxilios.<\/p>\n<p><\/span><\/div>\n<p><a href=\"https:\/\/facebook.com\/story.php?story_fbid=pfbid02FA7mTV59VxZBTHfXKpnHgG1ji2o22o2Pw7ZLKe1y6Z6fTDMCS3Hsd14yVvAWqSXnl&amp;id=465093860312824&amp;eav=AfalrEjEKlQ_OY8IkEAbsgz8MzZhwiaEH41EP_vF-ZQvbBOc4ehL7TTVsmBi81pzYyQ&amp;viewer=465093860312824&amp;m_entstream_source=timeline&amp;__tn__=%2As%2As-R&amp;paipv=1\" aria-label=\"Abrir historia\" class=\"_5msj\"><\/a><\/p>\n<p><a href=\"https:\/\/scontent.fuio15-1.fna.fbcdn.net\/v\/t39.30808-6\/279281186_2188986621256864_7595120076252509451_n.jpg?stp=dst-jpg_s640x640&#038;_nc_cat=107&#038;ccb=1-7&#038;_nc_sid=8bfeb9&#038;_nc_eui2=AeEQy0aIYdmTHXkrU_tLHYQZS7E2XXbT6B1LsTZddtPoHYr2U1dQUDWduvB__WPZIz3XnhQbrejCm27PtBLgXUcY&#038;_nc_ohc=pZO8F2A0Wy0AX-890ua&#038;_nc_ht=scontent.fuio15-1.fna&#038;oh=00_AfB_WAKZpVrrbQtLJ6DNpumwkJW6i_5aeYLUtrCQ2rBgyg&#038;oe=63B8C004\"><img decoding=\"async\" class=\"wp_automatic_fb_img\" title=\"\" src=\"https:\/\/scontent.fuio15-1.fna.fbcdn.net\/v\/t39.30808-6\/279281186_2188986621256864_7595120076252509451_n.jpg?stp=dst-jpg_s640x640&#038;_nc_cat=107&#038;ccb=1-7&#038;_nc_sid=8bfeb9&#038;_nc_eui2=AeEQy0aIYdmTHXkrU_tLHYQZS7E2XXbT6B1LsTZddtPoHYr2U1dQUDWduvB__WPZIz3XnhQbrejCm27PtBLgXUcY&#038;_nc_ohc=pZO8F2A0Wy0AX-890ua&#038;_nc_ht=scontent.fuio15-1.fna&#038;oh=00_AfB_WAKZpVrrbQtLJ6DNpumwkJW6i_5aeYLUtrCQ2rBgyg&#038;oe=63B8C004\" \/><\/a><\/p>\n","protected":false},"author":1,"featured_media":2993,"comment_status":"open","ping_status":"open","sticky":false,"template":"","format":"standard","meta":[],"categories":[1],"tags":[1023,65,83,309,39,692,119],"_links":{"self":[{"href":"https:\/\/bomberos.puyo.gob.ec\/2019\/wp-json\/wp\/v2\/posts\/2992"}],"collection":[{"href":"https:\/\/bomberos.puyo.gob.ec\/2019\/wp-json\/wp\/v2\/posts"}],"about":[{"href":"https:\/\/bomberos.puyo.gob.ec\/2019\/wp-json\/wp\/v2\/types\/post"}],"author":[{"embeddable":true,"href":"https:\/\/bomberos.puyo.gob.ec\/2019\/wp-json\/wp\/v2\/users\/1"}],"replies":[{"embeddable":true,"href":"https:\/\/bomberos.puyo.gob.ec\/2019\/wp-json\/wp\/v2\/comments?post=2992"}],"version-history":[{"count":1,"href":"https:\/\/bomberos.puyo.gob.ec\/2019\/wp-json\/wp\/v2\/posts\/2992\/revisions"}],"predecessor-version":[{"id":2994,"href":"https:\/\/bomberos.puyo.gob.ec\/2019\/wp-json\/wp\/v2\/posts\/2992\/revisions\/2994"}],"wp:featuredmedia":[{"embeddable":true,"href":"https:\/\/bomberos.puyo.gob.ec\/2019\/wp-json\/wp\/v2\/media\/2993"}],"wp:attachment":[{"href":"https:\/\/bomberos.puyo.gob.ec\/2019\/wp-json\/wp\/v2\/media?parent=2992"}],"wp:term":[{"taxonomy":"category","embeddable":true,"href":"https:\/\/bomberos.puyo.gob.ec\/2019\/wp-json\/wp\/v2\/categories?post=2992"},{"taxonomy":"post_tag","embeddable":true,"href":"https:\/\/bomberos.puyo.gob.ec\/2019\/wp-json\/wp\/v2\/tags?post=2992"}],"curies":[{"name":"wp","href":"https:\/\/api.w.org\/{rel}","templated":true}]}}