{"id":2984,"date":"2022-04-27T20:21:39","date_gmt":"2022-04-28T01:21:39","guid":{"rendered":"https:\/\/bomberos.puyo.gob.ec\/capacitacion-el-departamento-de-prevencion-de-incendios-realiza-una-capacit\/"},"modified":"2023-01-02T10:31:55","modified_gmt":"2023-01-02T15:31:55","slug":"capacitacion-el-departamento-de-prevencion-de-incendios-realiza-una-capacit","status":"publish","type":"post","link":"https:\/\/bomberos.puyo.gob.ec\/2019\/capacitacion-el-departamento-de-prevencion-de-incendios-realiza-una-capacit\/","title":{"rendered":"|CAPACITACI\u00d3N|\n El Departamento de Prevenci\u00f3n de Incendios realiza una Capacit&#8230;"},"content":{"rendered":"<div><span><\/p>\n<p>|CAPACITACI\u00d3N|<\/p>\n<p> El Departamento de Prevenci\u00f3n de Incendios realiza una Capacitaci\u00f3n al personal de la Estaci\u00f3n de Servicio de combustible La Uni\u00f3n, con los temas: <br \/> &#8211; Prevenci\u00f3n de incendios, <br \/> &#8211; Identificaci\u00f3n y uso correcto de extintores norma NFPA10, <br \/> &#8211; Evacuaci\u00f3n,<br \/> &#8211; Primeros auxilios.<\/p>\n<p><\/span><\/div>\n<p><a href=\"https:\/\/facebook.com\/story.php?story_fbid=pfbid0p3aizWAwqVwZyLoTwtQYAtavGcSa6C1CMhzVyRNm8kaTDajErmBVzz3UkbcWEamKl&amp;id=465093860312824&amp;eav=Afaq7Fn6WGRrUSpMz1AMIjJ9E7J2SYePBEfR5NRP3qPzNCFUOr5dCXbdo8rhrAB0vgQ&amp;viewer=465093860312824&amp;m_entstream_source=timeline&amp;__tn__=%2As%2As-R&amp;paipv=1\" aria-label=\"Abrir historia\" class=\"_5msj\"><\/a><\/p>\n<p><a href=\"https:\/\/bomberos.puyo.gob.ec\/2019\/wp-content\/uploads\/CAPACITACION-El-Departamento-de-Prevencion-de-Incendios-realiza-una-Capacit.jpg\"><img decoding=\"async\" class=\"wp_automatic_fb_img\" title=\"\" src=\"https:\/\/bomberos.puyo.gob.ec\/2019\/wp-content\/uploads\/CAPACITACION-El-Departamento-de-Prevencion-de-Incendios-realiza-una-Capacit.jpg\" \/><\/a><br \/>\n<br \/><a href=\"https:\/\/www.facebook.com\/465093860312824\/posts\/2189608941194632\">en facebook&#8230; <\/a>  <\/p>\n","protected":false},"excerpt":{"rendered":"<div><span><\/p>\n<p>|CAPACITACI\u00d3N|<\/p>\n<p> El Departamento de Prevenci\u00f3n de Incendios realiza una Capacitaci\u00f3n al personal de la Estaci\u00f3n de Servicio de combustible La Uni\u00f3n, con los temas: <br \/> &#8211; Prevenci\u00f3n de incendios, <br \/> &#8211; Identificaci\u00f3n y uso correcto de extintores norma NFPA10, <br \/> &#8211; Evacuaci\u00f3n,<br \/> &#8211; Primeros auxilios.<\/p>\n<p><\/span><\/div>\n<p><a href=\"https:\/\/facebook.com\/story.php?story_fbid=pfbid0p3aizWAwqVwZyLoTwtQYAtavGcSa6C1CMhzVyRNm8kaTDajErmBVzz3UkbcWEamKl&amp;id=465093860312824&amp;eav=Afaq7Fn6WGRrUSpMz1AMIjJ9E7J2SYePBEfR5NRP3qPzNCFUOr5dCXbdo8rhrAB0vgQ&amp;viewer=465093860312824&amp;m_entstream_source=timeline&amp;__tn__=%2As%2As-R&amp;paipv=1\" aria-label=\"Abrir historia\" class=\"_5msj\"><\/a><\/p>\n<p><a href=\"https:\/\/scontent.fuio15-1.fna.fbcdn.net\/v\/t39.30808-6\/279412863_2188984631257063_3796583306811155829_n.jpg?stp=dst-jpg_s720x720&#038;_nc_cat=108&#038;ccb=1-7&#038;_nc_sid=8bfeb9&#038;_nc_eui2=AeGAx6TO9VWNDRsxZG1ejcFsHCNUBXqBntocI1QFeoGe2gS5wwXSSKgC83u-uq4ZY4Np7C9ffc36qpXHivrM1ijv&#038;_nc_ohc=ynLSG61q7BIAX9JkPOH&#038;_nc_ht=scontent.fuio15-1.fna&#038;oh=00_AfAIuWzbqHhUOrve5j3vV8hhzrpj3jms0wlP94XrYujVPQ&#038;oe=63B85C8E\"><img decoding=\"async\" class=\"wp_automatic_fb_img\" title=\"\" src=\"https:\/\/scontent.fuio15-1.fna.fbcdn.net\/v\/t39.30808-6\/279412863_2188984631257063_3796583306811155829_n.jpg?stp=dst-jpg_s720x720&#038;_nc_cat=108&#038;ccb=1-7&#038;_nc_sid=8bfeb9&#038;_nc_eui2=AeGAx6TO9VWNDRsxZG1ejcFsHCNUBXqBntocI1QFeoGe2gS5wwXSSKgC83u-uq4ZY4Np7C9ffc36qpXHivrM1ijv&#038;_nc_ohc=ynLSG61q7BIAX9JkPOH&#038;_nc_ht=scontent.fuio15-1.fna&#038;oh=00_AfAIuWzbqHhUOrve5j3vV8hhzrpj3jms0wlP94XrYujVPQ&#038;oe=63B85C8E\" \/><\/a><\/p>\n","protected":false},"author":1,"featured_media":2985,"comment_status":"open","ping_status":"open","sticky":false,"template":"","format":"standard","meta":[],"categories":[1],"tags":[1023,65,83,309,39,692,119],"_links":{"self":[{"href":"https:\/\/bomberos.puyo.gob.ec\/2019\/wp-json\/wp\/v2\/posts\/2984"}],"collection":[{"href":"https:\/\/bomberos.puyo.gob.ec\/2019\/wp-json\/wp\/v2\/posts"}],"about":[{"href":"https:\/\/bomberos.puyo.gob.ec\/2019\/wp-json\/wp\/v2\/types\/post"}],"author":[{"embeddable":true,"href":"https:\/\/bomberos.puyo.gob.ec\/2019\/wp-json\/wp\/v2\/users\/1"}],"replies":[{"embeddable":true,"href":"https:\/\/bomberos.puyo.gob.ec\/2019\/wp-json\/wp\/v2\/comments?post=2984"}],"version-history":[{"count":1,"href":"https:\/\/bomberos.puyo.gob.ec\/2019\/wp-json\/wp\/v2\/posts\/2984\/revisions"}],"predecessor-version":[{"id":2986,"href":"https:\/\/bomberos.puyo.gob.ec\/2019\/wp-json\/wp\/v2\/posts\/2984\/revisions\/2986"}],"wp:featuredmedia":[{"embeddable":true,"href":"https:\/\/bomberos.puyo.gob.ec\/2019\/wp-json\/wp\/v2\/media\/2985"}],"wp:attachment":[{"href":"https:\/\/bomberos.puyo.gob.ec\/2019\/wp-json\/wp\/v2\/media?parent=2984"}],"wp:term":[{"taxonomy":"category","embeddable":true,"href":"https:\/\/bomberos.puyo.gob.ec\/2019\/wp-json\/wp\/v2\/categories?post=2984"},{"taxonomy":"post_tag","embeddable":true,"href":"https:\/\/bomberos.puyo.gob.ec\/2019\/wp-json\/wp\/v2\/tags?post=2984"}],"curies":[{"name":"wp","href":"https:\/\/api.w.org\/{rel}","templated":true}]}}