{"id":2978,"date":"2022-04-29T08:28:24","date_gmt":"2022-04-29T13:28:24","guid":{"rendered":"https:\/\/bomberos.puyo.gob.ec\/capacitacion-el-departamento-de-prevencion-de-incendios-realizo-una-capacit\/"},"modified":"2023-01-02T07:22:28","modified_gmt":"2023-01-02T12:22:28","slug":"capacitacion-el-departamento-de-prevencion-de-incendios-realizo-una-capacit","status":"publish","type":"post","link":"https:\/\/bomberos.puyo.gob.ec\/2019\/capacitacion-el-departamento-de-prevencion-de-incendios-realizo-una-capacit\/","title":{"rendered":"|CAPACITACI\u00d3N|\n El Departamento de Prevenci\u00f3n de Incendios realiz\u00f3 una capacit&#8230;"},"content":{"rendered":"<div><span><\/p>\n<p>|CAPACITACI\u00d3N|<\/p>\n<p> El Departamento de Prevenci\u00f3n de Incendios realiz\u00f3 una capacitaci\u00f3n al personal de la Estaci\u00f3n de Servicio de combustible \u00abCoka\u00bb, con los temas: <br \/> &#8211; Prevenci\u00f3n de incendios, <br \/> &#8211; Identificaci\u00f3n y uso correcto de extintores norma NFPA10,<br \/> &#8211; Evacuaci\u00f3n,<br \/> &#8211; Primeros auxilios.<\/p>\n<p><\/span><\/div>\n<p><a href=\"https:\/\/facebook.com\/story.php?story_fbid=pfbid02zGoxvAzZJkYJmc8DEqqSVhcyiigmWknz5nSMYNs2AkVQJtwUho6vZxiwT5ks6u7Xl&amp;id=465093860312824&amp;eav=AfaRtF84s4qTuApmO0ZJhQf4aBtJUl6zqb3zXpJNh9vLtH5_qmiTQRYZCMThYl5HQSQ&amp;viewer=465093860312824&amp;m_entstream_source=timeline&amp;__tn__=%2As%2As-R&amp;paipv=1\" aria-label=\"Abrir historia\" class=\"_5msj\"><\/a><\/p>\n<p><a href=\"https:\/\/bomberos.puyo.gob.ec\/2019\/wp-content\/uploads\/CAPACITACION-El-Departamento-de-Prevencion-de-Incendios-realizo-una-capacit.jpg\"><img decoding=\"async\" class=\"wp_automatic_fb_img\" title=\"\" src=\"https:\/\/bomberos.puyo.gob.ec\/2019\/wp-content\/uploads\/CAPACITACION-El-Departamento-de-Prevencion-de-Incendios-realizo-una-capacit.jpg\" \/><\/a><br \/>\n<br \/><a href=\"https:\/\/www.facebook.com\/465093860312824\/posts\/2190750424413817\">en facebook&#8230; <\/a>  <\/p>\n","protected":false},"excerpt":{"rendered":"<div><span><\/p>\n<p>|CAPACITACI\u00d3N|<\/p>\n<p> El Departamento de Prevenci\u00f3n de Incendios realiz\u00f3 una capacitaci\u00f3n al personal de la Estaci\u00f3n de Servicio de combustible \u00abCoka\u00bb, con los temas: <br \/> &#8211; Prevenci\u00f3n de incendios, <br \/> &#8211; Identificaci\u00f3n y uso correcto de extintores norma NFPA10,<br \/> &#8211; Evacuaci\u00f3n,<br \/> &#8211; Primeros auxilios.<\/p>\n<p><\/span><\/div>\n<p><a href=\"https:\/\/facebook.com\/story.php?story_fbid=pfbid02zGoxvAzZJkYJmc8DEqqSVhcyiigmWknz5nSMYNs2AkVQJtwUho6vZxiwT5ks6u7Xl&amp;id=465093860312824&amp;eav=AfaRtF84s4qTuApmO0ZJhQf4aBtJUl6zqb3zXpJNh9vLtH5_qmiTQRYZCMThYl5HQSQ&amp;viewer=465093860312824&amp;m_entstream_source=timeline&amp;__tn__=%2As%2As-R&amp;paipv=1\" aria-label=\"Abrir historia\" class=\"_5msj\"><\/a><\/p>\n<p><a href=\"https:\/\/scontent.fuio15-1.fna.fbcdn.net\/v\/t39.30808-6\/279501011_2190511891104337_5616403960059061084_n.jpg?stp=dst-jpg_s720x720&#038;_nc_cat=101&#038;ccb=1-7&#038;_nc_sid=8bfeb9&#038;_nc_eui2=AeHlOf8IFNV9PBTkfR5s7VHubp2M9gwOFO1unYz2DA4U7RrtQxEgxXScY3rcmfdirI5cBmx5zrkmdm507ts8XjmX&#038;_nc_ohc=Hbj9OYjKa8gAX-gD5EG&#038;_nc_ht=scontent.fuio15-1.fna&#038;oh=00_AfAuxTY3XSuIIuj4WuUykRT1ej9lpyKRN5Qen9x5cP6MSw&#038;oe=63B883E4\"><img decoding=\"async\" class=\"wp_automatic_fb_img\" title=\"\" src=\"https:\/\/scontent.fuio15-1.fna.fbcdn.net\/v\/t39.30808-6\/279501011_2190511891104337_5616403960059061084_n.jpg?stp=dst-jpg_s720x720&#038;_nc_cat=101&#038;ccb=1-7&#038;_nc_sid=8bfeb9&#038;_nc_eui2=AeHlOf8IFNV9PBTkfR5s7VHubp2M9gwOFO1unYz2DA4U7RrtQxEgxXScY3rcmfdirI5cBmx5zrkmdm507ts8XjmX&#038;_nc_ohc=Hbj9OYjKa8gAX-gD5EG&#038;_nc_ht=scontent.fuio15-1.fna&#038;oh=00_AfAuxTY3XSuIIuj4WuUykRT1ej9lpyKRN5Qen9x5cP6MSw&#038;oe=63B883E4\" \/><\/a><\/p>\n","protected":false},"author":1,"featured_media":2979,"comment_status":"open","ping_status":"open","sticky":false,"template":"","format":"standard","meta":[],"categories":[1],"tags":[1023,65,83,309,39,1022,119],"_links":{"self":[{"href":"https:\/\/bomberos.puyo.gob.ec\/2019\/wp-json\/wp\/v2\/posts\/2978"}],"collection":[{"href":"https:\/\/bomberos.puyo.gob.ec\/2019\/wp-json\/wp\/v2\/posts"}],"about":[{"href":"https:\/\/bomberos.puyo.gob.ec\/2019\/wp-json\/wp\/v2\/types\/post"}],"author":[{"embeddable":true,"href":"https:\/\/bomberos.puyo.gob.ec\/2019\/wp-json\/wp\/v2\/users\/1"}],"replies":[{"embeddable":true,"href":"https:\/\/bomberos.puyo.gob.ec\/2019\/wp-json\/wp\/v2\/comments?post=2978"}],"version-history":[{"count":1,"href":"https:\/\/bomberos.puyo.gob.ec\/2019\/wp-json\/wp\/v2\/posts\/2978\/revisions"}],"predecessor-version":[{"id":2980,"href":"https:\/\/bomberos.puyo.gob.ec\/2019\/wp-json\/wp\/v2\/posts\/2978\/revisions\/2980"}],"wp:featuredmedia":[{"embeddable":true,"href":"https:\/\/bomberos.puyo.gob.ec\/2019\/wp-json\/wp\/v2\/media\/2979"}],"wp:attachment":[{"href":"https:\/\/bomberos.puyo.gob.ec\/2019\/wp-json\/wp\/v2\/media?parent=2978"}],"wp:term":[{"taxonomy":"category","embeddable":true,"href":"https:\/\/bomberos.puyo.gob.ec\/2019\/wp-json\/wp\/v2\/categories?post=2978"},{"taxonomy":"post_tag","embeddable":true,"href":"https:\/\/bomberos.puyo.gob.ec\/2019\/wp-json\/wp\/v2\/tags?post=2978"}],"curies":[{"name":"wp","href":"https:\/\/api.w.org\/{rel}","templated":true}]}}