{"id":2969,"date":"2022-05-01T18:54:52","date_gmt":"2022-05-01T23:54:52","guid":{"rendered":"https:\/\/bomberos.puyo.gob.ec\/emergencia-medica-47\/"},"modified":"2023-01-02T03:59:00","modified_gmt":"2023-01-02T08:59:00","slug":"emergencia-medica-47","status":"publish","type":"post","link":"https:\/\/bomberos.puyo.gob.ec\/2019\/emergencia-medica-47\/","title":{"rendered":"|EMERGENCIA M\u00c9DICA|&#8230;"},"content":{"rendered":"<p>|EMERGENCIA M\u00c9DICA|<\/p>\n<p>La unidad A5 se dirigi\u00f3 al las Palmas en las calles Alberto Zambrano y Pas\u00f3 Lateral (Redondel de las balsas), en el punto se atiende a un paciente de nombre: M. L. A. de 7 a\u00f1os de edad, mismo que presenta una fractura cerrada en el f\u00e9mur derecho producto de un accidente de tr\u00e1nsito, luego de la respectiva valoraci\u00f3n es trasladado al Hospital General del IESS Puyo, quedando a cargo del m\u00e9dico de turno.<\/p>\n<p><a href=\"https:\/\/bomberos.puyo.gob.ec\/2019\/wp-content\/uploads\/1672649939_226_EMERGENCIA-MEDICA.jpg\"><img decoding=\"async\" class=\"wp_automatic_fb_img\" title=\"\" src=\"https:\/\/bomberos.puyo.gob.ec\/2019\/wp-content\/uploads\/1672649939_226_EMERGENCIA-MEDICA.jpg\" \/><\/a><br \/>\n<br \/><a href=\"https:\/\/www.facebook.com\/465093860312824\/posts\/2192638390891687\">en facebook&#8230; <\/a>  <\/p>\n","protected":false},"excerpt":{"rendered":"<p>|EMERGENCIA M\u00c9DICA|<\/p>\n<p>La unidad A5 se dirigi\u00f3 al las Palmas en las calles Alberto Zambrano y Pas\u00f3 Lateral (Redondel de las balsas), en el punto se atiende a un paciente de nombre: M. L. A. de 7 a\u00f1os de edad, mismo que presenta una fractura cerrada en el f\u00e9mur derecho producto de un accidente de tr\u00e1nsito, luego de la respectiva valoraci\u00f3n es trasladado al Hospital General del IESS Puyo, quedando a cargo del m\u00e9dico de turno.<\/p>\n<p><a href=\"https:\/\/scontent.fuio15-1.fna.fbcdn.net\/v\/t39.30808-6\/279688210_2192638354225024_8779098044790917302_n.jpg?stp=dst-jpg_s720x720&#038;_nc_cat=101&#038;ccb=1-7&#038;_nc_sid=8bfeb9&#038;_nc_eui2=AeEgSH1bceC1RP3lLB7Kf8XNlpJPsOGkLnuWkk-w4aQuex_W7WlHnaXBFclTtJIpZPsXgFK0TthXmyTkYRkB2I7v&#038;_nc_ohc=E2I24IRGDnQAX90vLt2&#038;_nc_ht=scontent.fuio15-1.fna&#038;oh=00_AfDYOrelzto243RbKWrZA0co8sWYAeToQrGiyhlbPjHI5Q&#038;oe=63B862B1\"><img decoding=\"async\" class=\"wp_automatic_fb_img\" title=\"\" src=\"https:\/\/scontent.fuio15-1.fna.fbcdn.net\/v\/t39.30808-6\/279688210_2192638354225024_8779098044790917302_n.jpg?stp=dst-jpg_s720x720&#038;_nc_cat=101&#038;ccb=1-7&#038;_nc_sid=8bfeb9&#038;_nc_eui2=AeEgSH1bceC1RP3lLB7Kf8XNlpJPsOGkLnuWkk-w4aQuex_W7WlHnaXBFclTtJIpZPsXgFK0TthXmyTkYRkB2I7v&#038;_nc_ohc=E2I24IRGDnQAX90vLt2&#038;_nc_ht=scontent.fuio15-1.fna&#038;oh=00_AfDYOrelzto243RbKWrZA0co8sWYAeToQrGiyhlbPjHI5Q&#038;oe=63B862B1\" \/><\/a><\/p>\n","protected":false},"author":1,"featured_media":2970,"comment_status":"open","ping_status":"open","sticky":false,"template":"","format":"standard","meta":[],"categories":[1],"tags":[182,251],"_links":{"self":[{"href":"https:\/\/bomberos.puyo.gob.ec\/2019\/wp-json\/wp\/v2\/posts\/2969"}],"collection":[{"href":"https:\/\/bomberos.puyo.gob.ec\/2019\/wp-json\/wp\/v2\/posts"}],"about":[{"href":"https:\/\/bomberos.puyo.gob.ec\/2019\/wp-json\/wp\/v2\/types\/post"}],"author":[{"embeddable":true,"href":"https:\/\/bomberos.puyo.gob.ec\/2019\/wp-json\/wp\/v2\/users\/1"}],"replies":[{"embeddable":true,"href":"https:\/\/bomberos.puyo.gob.ec\/2019\/wp-json\/wp\/v2\/comments?post=2969"}],"version-history":[{"count":1,"href":"https:\/\/bomberos.puyo.gob.ec\/2019\/wp-json\/wp\/v2\/posts\/2969\/revisions"}],"predecessor-version":[{"id":2971,"href":"https:\/\/bomberos.puyo.gob.ec\/2019\/wp-json\/wp\/v2\/posts\/2969\/revisions\/2971"}],"wp:featuredmedia":[{"embeddable":true,"href":"https:\/\/bomberos.puyo.gob.ec\/2019\/wp-json\/wp\/v2\/media\/2970"}],"wp:attachment":[{"href":"https:\/\/bomberos.puyo.gob.ec\/2019\/wp-json\/wp\/v2\/media?parent=2969"}],"wp:term":[{"taxonomy":"category","embeddable":true,"href":"https:\/\/bomberos.puyo.gob.ec\/2019\/wp-json\/wp\/v2\/categories?post=2969"},{"taxonomy":"post_tag","embeddable":true,"href":"https:\/\/bomberos.puyo.gob.ec\/2019\/wp-json\/wp\/v2\/tags?post=2969"}],"curies":[{"name":"wp","href":"https:\/\/api.w.org\/{rel}","templated":true}]}}