{"id":2942,"date":"2022-05-09T15:17:52","date_gmt":"2022-05-09T20:17:52","guid":{"rendered":"https:\/\/bomberos.puyo.gob.ec\/emergencia-medica-44\/"},"modified":"2023-01-01T15:08:47","modified_gmt":"2023-01-01T20:08:47","slug":"emergencia-medica-44","status":"publish","type":"post","link":"https:\/\/bomberos.puyo.gob.ec\/2019\/emergencia-medica-44\/","title":{"rendered":"|EMERGENCIA M\u00c9DICA|&#8230;"},"content":{"rendered":"<p>|EMERGENCIA M\u00c9DICA|<\/p>\n<p>La unidad A5 se dirigi\u00f3 al paso lateral y 20 de Julio, en el punto se atiende a un paciente de nombre: F. J. G. V. de 27 a\u00f1os de edad, mismo que presenta Alitosis similar al alcohol m\u00e1s una herida contusa en el p\u00f3mulo derecho, producto de accidente de tr\u00e1nsito. <\/p>\n<p>Luego de la respectiva valoraci\u00f3n es trasladado al Hospital General Puyo quedando a cargo del m\u00e9dico de turno.<\/p>\n<p><a href=\"https:\/\/bomberos.puyo.gob.ec\/2019\/wp-content\/uploads\/1672603726_635_EMERGENCIA-MEDICA.jpg\"><img decoding=\"async\" class=\"wp_automatic_fb_img\" title=\"\" src=\"https:\/\/bomberos.puyo.gob.ec\/2019\/wp-content\/uploads\/1672603726_635_EMERGENCIA-MEDICA.jpg\" \/><\/a><br \/>\n<br \/><a href=\"https:\/\/www.facebook.com\/465093860312824\/posts\/2199024300253096\">en facebook&#8230; <\/a>  <\/p>\n","protected":false},"excerpt":{"rendered":"<p>|EMERGENCIA M\u00c9DICA|<\/p>\n<p>La unidad A5 se dirigi\u00f3 al paso lateral y 20 de Julio, en el punto se atiende a un paciente de nombre: F. J. G. V. de 27 a\u00f1os de edad, mismo que presenta Alitosis similar al alcohol m\u00e1s una herida contusa en el p\u00f3mulo derecho, producto de accidente de tr\u00e1nsito. <\/p>\n<p>Luego de la respectiva valoraci\u00f3n es trasladado al Hospital General Puyo quedando a cargo del m\u00e9dico de turno.<\/p>\n<p><a href=\"https:\/\/scontent.fuio15-1.fna.fbcdn.net\/v\/t39.30808-6\/280540945_2199024273586432_3709680068166476660_n.jpg?stp=dst-jpg_s640x640&#038;_nc_cat=106&#038;ccb=1-7&#038;_nc_sid=8bfeb9&#038;_nc_eui2=AeGq5K3u1SVcQxhl2d77T0HHuttZOQHh8sG621k5AeHywSwEqCmBwJApaama8Lji1Hp8GAKfwM7_ZINjAYP1TBHr&#038;_nc_ohc=TSROCS9t5l4AX-ylMlk&#038;_nc_ht=scontent.fuio15-1.fna&#038;oh=00_AfB0hzRiwLADI6dFXNp9MHa9KYTZwb4rA3ES2sipXWSCjQ&#038;oe=63B64B00\"><img decoding=\"async\" class=\"wp_automatic_fb_img\" title=\"\" src=\"https:\/\/scontent.fuio15-1.fna.fbcdn.net\/v\/t39.30808-6\/280540945_2199024273586432_3709680068166476660_n.jpg?stp=dst-jpg_s640x640&#038;_nc_cat=106&#038;ccb=1-7&#038;_nc_sid=8bfeb9&#038;_nc_eui2=AeGq5K3u1SVcQxhl2d77T0HHuttZOQHh8sG621k5AeHywSwEqCmBwJApaama8Lji1Hp8GAKfwM7_ZINjAYP1TBHr&#038;_nc_ohc=TSROCS9t5l4AX-ylMlk&#038;_nc_ht=scontent.fuio15-1.fna&#038;oh=00_AfB0hzRiwLADI6dFXNp9MHa9KYTZwb4rA3ES2sipXWSCjQ&#038;oe=63B64B00\" \/><\/a><\/p>\n","protected":false},"author":1,"featured_media":2943,"comment_status":"open","ping_status":"open","sticky":false,"template":"","format":"standard","meta":[],"categories":[1],"tags":[182,251],"_links":{"self":[{"href":"https:\/\/bomberos.puyo.gob.ec\/2019\/wp-json\/wp\/v2\/posts\/2942"}],"collection":[{"href":"https:\/\/bomberos.puyo.gob.ec\/2019\/wp-json\/wp\/v2\/posts"}],"about":[{"href":"https:\/\/bomberos.puyo.gob.ec\/2019\/wp-json\/wp\/v2\/types\/post"}],"author":[{"embeddable":true,"href":"https:\/\/bomberos.puyo.gob.ec\/2019\/wp-json\/wp\/v2\/users\/1"}],"replies":[{"embeddable":true,"href":"https:\/\/bomberos.puyo.gob.ec\/2019\/wp-json\/wp\/v2\/comments?post=2942"}],"version-history":[{"count":1,"href":"https:\/\/bomberos.puyo.gob.ec\/2019\/wp-json\/wp\/v2\/posts\/2942\/revisions"}],"predecessor-version":[{"id":2944,"href":"https:\/\/bomberos.puyo.gob.ec\/2019\/wp-json\/wp\/v2\/posts\/2942\/revisions\/2944"}],"wp:featuredmedia":[{"embeddable":true,"href":"https:\/\/bomberos.puyo.gob.ec\/2019\/wp-json\/wp\/v2\/media\/2943"}],"wp:attachment":[{"href":"https:\/\/bomberos.puyo.gob.ec\/2019\/wp-json\/wp\/v2\/media?parent=2942"}],"wp:term":[{"taxonomy":"category","embeddable":true,"href":"https:\/\/bomberos.puyo.gob.ec\/2019\/wp-json\/wp\/v2\/categories?post=2942"},{"taxonomy":"post_tag","embeddable":true,"href":"https:\/\/bomberos.puyo.gob.ec\/2019\/wp-json\/wp\/v2\/tags?post=2942"}],"curies":[{"name":"wp","href":"https:\/\/api.w.org\/{rel}","templated":true}]}}