{"id":2939,"date":"2022-05-10T07:25:38","date_gmt":"2022-05-10T12:25:38","guid":{"rendered":"https:\/\/bomberos.puyo.gob.ec\/capacitacion-de-unidades-caninas-las-unidades-caninas-del-cuerpo-de-bombero\/"},"modified":"2023-01-01T14:07:44","modified_gmt":"2023-01-01T19:07:44","slug":"capacitacion-de-unidades-caninas-las-unidades-caninas-del-cuerpo-de-bombero","status":"publish","type":"post","link":"https:\/\/bomberos.puyo.gob.ec\/2019\/capacitacion-de-unidades-caninas-las-unidades-caninas-del-cuerpo-de-bombero\/","title":{"rendered":"|CAPACITACI\u00d3N DE UNIDADES CANINAS|\n Las unidades caninas del Cuerpo de Bombero&#8230;"},"content":{"rendered":"<div><span><\/p>\n<p>|CAPACITACI\u00d3N DE UNIDADES CANINAS|<\/p>\n<p> Las unidades caninas del Cuerpo de Bomberos de Pastaza viene realizando capacitaciones diarias en motivaci\u00f3n de los ejemplares para fortalecer el trabajo de campo en situaciones de b\u00fasqueda de personas en estructuras colapsadas y \u00e1reas abiertas<\/p>\n<p><\/span><\/div>\n<p><a href=\"https:\/\/facebook.com\/story.php?story_fbid=pfbid0s8uS83onP5PzLgNYurPunUo7GoaRGiPaim9pFwSRGm9ydAMW2MYxTuQQLiBRF7aAl&amp;id=465093860312824&amp;eav=AfbGJ-K8iuM-1KSwKnefsV-TOmnEAbkUmKUGqECzEu345o5AogN3FF2ioWr7ei25gEA&amp;viewer=465093860312824&amp;m_entstream_source=timeline&amp;__tn__=%2As%2As-R&amp;paipv=1\" aria-label=\"Abrir historia\" class=\"_5msj\"><\/a><\/p>\n<p><a href=\"https:\/\/bomberos.puyo.gob.ec\/2019\/wp-content\/uploads\/CAPACITACION-DE-UNIDADES-CANINAS-Las-unidades-caninas-del-Cuerpo-de.jpg\"><img decoding=\"async\" class=\"wp_automatic_fb_img\" title=\"\" src=\"https:\/\/bomberos.puyo.gob.ec\/2019\/wp-content\/uploads\/CAPACITACION-DE-UNIDADES-CANINAS-Las-unidades-caninas-del-Cuerpo-de.jpg\" \/><\/a><br \/><a href=\"https:\/\/bomberos.puyo.gob.ec\/2019\/wp-content\/uploads\/1672600063_354_CAPACITACION-DE-UNIDADES-CANINAS-Las-unidades-caninas-del-Cuerpo-de.jpg\"><img decoding=\"async\" class=\"wp_automatic_fb_img\" title=\"\" src=\"https:\/\/bomberos.puyo.gob.ec\/2019\/wp-content\/uploads\/1672600063_354_CAPACITACION-DE-UNIDADES-CANINAS-Las-unidades-caninas-del-Cuerpo-de.jpg\" \/><\/a><br \/>\n<br \/><a href=\"https:\/\/www.facebook.com\/465093860312824\/posts\/2199591023529757\">en facebook&#8230; <\/a>  <\/p>\n","protected":false},"excerpt":{"rendered":"<div><span><\/p>\n<p>|CAPACITACI\u00d3N DE UNIDADES CANINAS|<\/p>\n<p> Las unidades caninas del Cuerpo de Bomberos de Pastaza viene realizando capacitaciones diarias en motivaci\u00f3n de los ejemplares para fortalecer el trabajo de campo en situaciones de b\u00fasqueda de personas en estructuras colapsadas y \u00e1reas abiertas<\/p>\n<p><\/span><\/div>\n<p><a href=\"https:\/\/facebook.com\/story.php?story_fbid=pfbid0s8uS83onP5PzLgNYurPunUo7GoaRGiPaim9pFwSRGm9ydAMW2MYxTuQQLiBRF7aAl&amp;id=465093860312824&amp;eav=AfbGJ-K8iuM-1KSwKnefsV-TOmnEAbkUmKUGqECzEu345o5AogN3FF2ioWr7ei25gEA&amp;viewer=465093860312824&amp;m_entstream_source=timeline&amp;__tn__=%2As%2As-R&amp;paipv=1\" aria-label=\"Abrir historia\" class=\"_5msj\"><\/a><\/p>\n<p><a href=\"https:\/\/scontent.fuio15-1.fna.fbcdn.net\/v\/t39.30808-6\/280475481_2199590963529763_8977450475531339410_n.jpg?_nc_cat=106&#038;ccb=1-7&#038;_nc_sid=8bfeb9&#038;_nc_eui2=AeHUWNK4qM3N0IigdKK8yHOK62nxXsCn68PrafFewKfrw86YbAyb5ocBXYoksBdbkn2DkeKVvNFv1CMPPsPBNiln&#038;_nc_ohc=YFh2JV48XV0AX8qoJ26&#038;_nc_oc=AQnbmMsBcHeE2O6rfhrxNvu2w3LvbAu75tNL3_ZY2F4R028Uj8dPs8oDysSgsoBn8hc&#038;_nc_ht=scontent.fuio15-1.fna&#038;oh=00_AfCtIrlt2iyyk4c8TThfEdDJ8P-01EAJsx4gSbwh4ISNCg&#038;oe=63B6739D\"><img decoding=\"async\" class=\"wp_automatic_fb_img\" title=\"\" src=\"https:\/\/scontent.fuio15-1.fna.fbcdn.net\/v\/t39.30808-6\/280475481_2199590963529763_8977450475531339410_n.jpg?_nc_cat=106&#038;ccb=1-7&#038;_nc_sid=8bfeb9&#038;_nc_eui2=AeHUWNK4qM3N0IigdKK8yHOK62nxXsCn68PrafFewKfrw86YbAyb5ocBXYoksBdbkn2DkeKVvNFv1CMPPsPBNiln&#038;_nc_ohc=YFh2JV48XV0AX8qoJ26&#038;_nc_oc=AQnbmMsBcHeE2O6rfhrxNvu2w3LvbAu75tNL3_ZY2F4R028Uj8dPs8oDysSgsoBn8hc&#038;_nc_ht=scontent.fuio15-1.fna&#038;oh=00_AfCtIrlt2iyyk4c8TThfEdDJ8P-01EAJsx4gSbwh4ISNCg&#038;oe=63B6739D\" \/><\/a><br \/><a href=\"https:\/\/scontent.fuio15-1.fna.fbcdn.net\/v\/t39.30808-6\/280602232_2199590980196428_6687602226768082586_n.jpg?_nc_cat=106&#038;ccb=1-7&#038;_nc_sid=8bfeb9&#038;_nc_eui2=AeF1QfZ3LeSErY0dI1phOsX7wLW80wG386jAtbzTAbfzqMRl_ceFhQg1cGkoYuih6-6C3QbNlfzWwUvWDFny3uvF&#038;_nc_ohc=DUw5JnJ1EvsAX_Wtt8p&#038;_nc_ht=scontent.fuio15-1.fna&#038;oh=00_AfCaBG77c02Jmy2SL7a9OcWo7-ZgU6X4tPX_j3t1hwNdDA&#038;oe=63B700FF\"><img decoding=\"async\" class=\"wp_automatic_fb_img\" title=\"\" src=\"https:\/\/scontent.fuio15-1.fna.fbcdn.net\/v\/t39.30808-6\/280602232_2199590980196428_6687602226768082586_n.jpg?_nc_cat=106&#038;ccb=1-7&#038;_nc_sid=8bfeb9&#038;_nc_eui2=AeF1QfZ3LeSErY0dI1phOsX7wLW80wG386jAtbzTAbfzqMRl_ceFhQg1cGkoYuih6-6C3QbNlfzWwUvWDFny3uvF&#038;_nc_ohc=DUw5JnJ1EvsAX_Wtt8p&#038;_nc_ht=scontent.fuio15-1.fna&#038;oh=00_AfCaBG77c02Jmy2SL7a9OcWo7-ZgU6X4tPX_j3t1hwNdDA&#038;oe=63B700FF\" \/><\/a><\/p>\n","protected":false},"author":1,"featured_media":2940,"comment_status":"open","ping_status":"open","sticky":false,"template":"","format":"standard","meta":[],"categories":[1],"tags":[67,1017,65,64,32,22,70],"_links":{"self":[{"href":"https:\/\/bomberos.puyo.gob.ec\/2019\/wp-json\/wp\/v2\/posts\/2939"}],"collection":[{"href":"https:\/\/bomberos.puyo.gob.ec\/2019\/wp-json\/wp\/v2\/posts"}],"about":[{"href":"https:\/\/bomberos.puyo.gob.ec\/2019\/wp-json\/wp\/v2\/types\/post"}],"author":[{"embeddable":true,"href":"https:\/\/bomberos.puyo.gob.ec\/2019\/wp-json\/wp\/v2\/users\/1"}],"replies":[{"embeddable":true,"href":"https:\/\/bomberos.puyo.gob.ec\/2019\/wp-json\/wp\/v2\/comments?post=2939"}],"version-history":[{"count":1,"href":"https:\/\/bomberos.puyo.gob.ec\/2019\/wp-json\/wp\/v2\/posts\/2939\/revisions"}],"predecessor-version":[{"id":2941,"href":"https:\/\/bomberos.puyo.gob.ec\/2019\/wp-json\/wp\/v2\/posts\/2939\/revisions\/2941"}],"wp:featuredmedia":[{"embeddable":true,"href":"https:\/\/bomberos.puyo.gob.ec\/2019\/wp-json\/wp\/v2\/media\/2940"}],"wp:attachment":[{"href":"https:\/\/bomberos.puyo.gob.ec\/2019\/wp-json\/wp\/v2\/media?parent=2939"}],"wp:term":[{"taxonomy":"category","embeddable":true,"href":"https:\/\/bomberos.puyo.gob.ec\/2019\/wp-json\/wp\/v2\/categories?post=2939"},{"taxonomy":"post_tag","embeddable":true,"href":"https:\/\/bomberos.puyo.gob.ec\/2019\/wp-json\/wp\/v2\/tags?post=2939"}],"curies":[{"name":"wp","href":"https:\/\/api.w.org\/{rel}","templated":true}]}}