{"id":2936,"date":"2022-05-10T09:54:48","date_gmt":"2022-05-10T14:54:48","guid":{"rendered":"https:\/\/bomberos.puyo.gob.ec\/corte-de-arbol-la-unidad-b3-se-dirigio-al-barrio-las-palmas-en-el-lugar-se\/"},"modified":"2023-01-01T12:56:18","modified_gmt":"2023-01-01T17:56:18","slug":"corte-de-arbol-la-unidad-b3-se-dirigio-al-barrio-las-palmas-en-el-lugar-se","status":"publish","type":"post","link":"https:\/\/bomberos.puyo.gob.ec\/2019\/corte-de-arbol-la-unidad-b3-se-dirigio-al-barrio-las-palmas-en-el-lugar-se\/","title":{"rendered":"|CORTE DE \u00c1RBOL|\n La unidad B3 se dirigi\u00f3 al barrio Las Palmas, en el lugar se&#8230;"},"content":{"rendered":"<div><span><\/p>\n<p>|CORTE DE \u00c1RBOL|<\/p>\n<p> La unidad B3 se dirigi\u00f3 al barrio Las Palmas, en el lugar se realiza el corte de dos \u00e1rboles de guarumo y guaba respectivamente, los mismos que amenazan la vivienda la Sra. G. K. de 29 a\u00f1os de edad.<br \/> Posteriormente se realiza el trabajo  dejando las viviendas seguras.<\/p>\n<p><\/span><\/div>\n<p><a href=\"https:\/\/facebook.com\/story.php?story_fbid=pfbid035kfZmDXTbEodLdzwmAw6wEpKEeHheKma4RYSp4T3XAGLLva9ea62L5HJnveceKfl&amp;id=465093860312824&amp;eav=AfYj22PJL27-vA2EAkP0EVySD97Xr-4g4sMsPD_vcekz9hVfgQWqzbcyHS2NTdKqZOA&amp;viewer=465093860312824&amp;m_entstream_source=timeline&amp;__tn__=%2As%2As-R&amp;paipv=1\" aria-label=\"Abrir historia\" class=\"_5msj\"><\/a><\/p>\n<p><a href=\"https:\/\/bomberos.puyo.gob.ec\/2019\/wp-content\/uploads\/1672595777_854_CORTE-DE-ARBOL-La-unidad-B3-se-dirigio-al-barrio.jpg\"><img decoding=\"async\" class=\"wp_automatic_fb_img\" title=\"\" src=\"https:\/\/bomberos.puyo.gob.ec\/2019\/wp-content\/uploads\/1672595777_854_CORTE-DE-ARBOL-La-unidad-B3-se-dirigio-al-barrio.jpg\" \/><\/a><br \/><a href=\"https:\/\/bomberos.puyo.gob.ec\/2019\/wp-content\/uploads\/1672595777_411_CORTE-DE-ARBOL-La-unidad-B3-se-dirigio-al-barrio.jpg\"><img decoding=\"async\" class=\"wp_automatic_fb_img\" title=\"\" src=\"https:\/\/bomberos.puyo.gob.ec\/2019\/wp-content\/uploads\/1672595777_411_CORTE-DE-ARBOL-La-unidad-B3-se-dirigio-al-barrio.jpg\" \/><\/a><br \/><a href=\"https:\/\/bomberos.puyo.gob.ec\/2019\/wp-content\/uploads\/1672595777_967_CORTE-DE-ARBOL-La-unidad-B3-se-dirigio-al-barrio.jpg\"><img decoding=\"async\" class=\"wp_automatic_fb_img\" title=\"\" src=\"https:\/\/bomberos.puyo.gob.ec\/2019\/wp-content\/uploads\/1672595777_967_CORTE-DE-ARBOL-La-unidad-B3-se-dirigio-al-barrio.jpg\" \/><\/a><br \/>\n<br \/><a href=\"https:\/\/www.facebook.com\/465093860312824\/posts\/2199708270184699\">en facebook&#8230; <\/a>  <\/p>\n","protected":false},"excerpt":{"rendered":"<div><span><\/p>\n<p>|CORTE DE \u00c1RBOL|<\/p>\n<p> La unidad B3 se dirigi\u00f3 al barrio Las Palmas, en el lugar se realiza el corte de dos \u00e1rboles de guarumo y guaba respectivamente, los mismos que amenazan la vivienda la Sra. G. K. de 29 a\u00f1os de edad.<br \/> Posteriormente se realiza el trabajo  dejando las viviendas seguras.<\/p>\n<p><\/span><\/div>\n<p><a href=\"https:\/\/facebook.com\/story.php?story_fbid=pfbid035kfZmDXTbEodLdzwmAw6wEpKEeHheKma4RYSp4T3XAGLLva9ea62L5HJnveceKfl&amp;id=465093860312824&amp;eav=AfYj22PJL27-vA2EAkP0EVySD97Xr-4g4sMsPD_vcekz9hVfgQWqzbcyHS2NTdKqZOA&amp;viewer=465093860312824&amp;m_entstream_source=timeline&amp;__tn__=%2As%2As-R&amp;paipv=1\" aria-label=\"Abrir historia\" class=\"_5msj\"><\/a><\/p>\n<p><a href=\"https:\/\/scontent.fuio15-1.fna.fbcdn.net\/v\/t39.30808-6\/280636581_2199595923529267_2857355632436305604_n.jpg?_nc_cat=107&#038;ccb=1-7&#038;_nc_sid=8bfeb9&#038;_nc_eui2=AeGhGeTVFZJNtzAi1wOPAR7XXaLVR7BrZyxdotVHsGtnLDkhyT7dfsrn6jGJMxz9P_kuGzOcJgJJRtPbjiyhW43F&#038;_nc_ohc=jwsnMMVE9gkAX-lI_3j&#038;_nc_ht=scontent.fuio15-1.fna&#038;oh=00_AfBuncShZMX5SzXCurjQYfzWo783eBHG_aBhvsjQzecNFA&#038;oe=63B75797\"><img decoding=\"async\" class=\"wp_automatic_fb_img\" title=\"\" src=\"https:\/\/scontent.fuio15-1.fna.fbcdn.net\/v\/t39.30808-6\/280636581_2199595923529267_2857355632436305604_n.jpg?_nc_cat=107&#038;ccb=1-7&#038;_nc_sid=8bfeb9&#038;_nc_eui2=AeGhGeTVFZJNtzAi1wOPAR7XXaLVR7BrZyxdotVHsGtnLDkhyT7dfsrn6jGJMxz9P_kuGzOcJgJJRtPbjiyhW43F&#038;_nc_ohc=jwsnMMVE9gkAX-lI_3j&#038;_nc_ht=scontent.fuio15-1.fna&#038;oh=00_AfBuncShZMX5SzXCurjQYfzWo783eBHG_aBhvsjQzecNFA&#038;oe=63B75797\" \/><\/a><br \/><a href=\"https:\/\/scontent.fuio15-1.fna.fbcdn.net\/v\/t39.30808-6\/280532791_2199595950195931_7279455700898414560_n.jpg?_nc_cat=104&#038;ccb=1-7&#038;_nc_sid=8bfeb9&#038;_nc_eui2=AeEh4uW5uL0whdENoTPEzyGBWS1r0LtxiLxZLWvQu3GIvDYHXfAiTjQoSeAzMsMbh3zNhHa_Px_QOuOP7gyMbHwG&#038;_nc_ohc=1gtDdh8s8GAAX8y6Ac3&#038;_nc_ht=scontent.fuio15-1.fna&#038;oh=00_AfC_GFJHrkwCygIW10JpqwSbYNWHU_XUSU26zb9usSuJnw&#038;oe=63B5F7C7\"><img decoding=\"async\" class=\"wp_automatic_fb_img\" title=\"\" src=\"https:\/\/scontent.fuio15-1.fna.fbcdn.net\/v\/t39.30808-6\/280532791_2199595950195931_7279455700898414560_n.jpg?_nc_cat=104&#038;ccb=1-7&#038;_nc_sid=8bfeb9&#038;_nc_eui2=AeEh4uW5uL0whdENoTPEzyGBWS1r0LtxiLxZLWvQu3GIvDYHXfAiTjQoSeAzMsMbh3zNhHa_Px_QOuOP7gyMbHwG&#038;_nc_ohc=1gtDdh8s8GAAX8y6Ac3&#038;_nc_ht=scontent.fuio15-1.fna&#038;oh=00_AfC_GFJHrkwCygIW10JpqwSbYNWHU_XUSU26zb9usSuJnw&#038;oe=63B5F7C7\" \/><\/a><br \/><a href=\"https:\/\/scontent.fuio15-1.fna.fbcdn.net\/v\/t39.30808-6\/280602060_2199595940195932_4845615243481876774_n.jpg?_nc_cat=110&#038;ccb=1-7&#038;_nc_sid=8bfeb9&#038;_nc_eui2=AeEfdlUoGzoQzWmUbQfC7ZPGhfGAz-2c5SGF8YDP7ZzlIdz8J84QYWWP5h6QmMetnofB3MugJGzm2gMup4hF1aSM&#038;_nc_ohc=b0Yt54TZe1AAX_bOWfD&#038;_nc_ht=scontent.fuio15-1.fna&#038;oh=00_AfC9X_qMAAcDVUUtVqTPiM56v_W7o4JFUftKKobboYIJSg&#038;oe=63B5BE58\"><img decoding=\"async\" class=\"wp_automatic_fb_img\" title=\"\" src=\"https:\/\/scontent.fuio15-1.fna.fbcdn.net\/v\/t39.30808-6\/280602060_2199595940195932_4845615243481876774_n.jpg?_nc_cat=110&#038;ccb=1-7&#038;_nc_sid=8bfeb9&#038;_nc_eui2=AeEfdlUoGzoQzWmUbQfC7ZPGhfGAz-2c5SGF8YDP7ZzlIdz8J84QYWWP5h6QmMetnofB3MugJGzm2gMup4hF1aSM&#038;_nc_ohc=b0Yt54TZe1AAX_bOWfD&#038;_nc_ht=scontent.fuio15-1.fna&#038;oh=00_AfC9X_qMAAcDVUUtVqTPiM56v_W7o4JFUftKKobboYIJSg&#038;oe=63B5BE58\" \/><\/a><\/p>\n","protected":false},"author":1,"featured_media":2937,"comment_status":"open","ping_status":"open","sticky":false,"template":"","format":"standard","meta":[],"categories":[1],"tags":[760,408,759,722,22,949,447,866,41],"_links":{"self":[{"href":"https:\/\/bomberos.puyo.gob.ec\/2019\/wp-json\/wp\/v2\/posts\/2936"}],"collection":[{"href":"https:\/\/bomberos.puyo.gob.ec\/2019\/wp-json\/wp\/v2\/posts"}],"about":[{"href":"https:\/\/bomberos.puyo.gob.ec\/2019\/wp-json\/wp\/v2\/types\/post"}],"author":[{"embeddable":true,"href":"https:\/\/bomberos.puyo.gob.ec\/2019\/wp-json\/wp\/v2\/users\/1"}],"replies":[{"embeddable":true,"href":"https:\/\/bomberos.puyo.gob.ec\/2019\/wp-json\/wp\/v2\/comments?post=2936"}],"version-history":[{"count":1,"href":"https:\/\/bomberos.puyo.gob.ec\/2019\/wp-json\/wp\/v2\/posts\/2936\/revisions"}],"predecessor-version":[{"id":2938,"href":"https:\/\/bomberos.puyo.gob.ec\/2019\/wp-json\/wp\/v2\/posts\/2936\/revisions\/2938"}],"wp:featuredmedia":[{"embeddable":true,"href":"https:\/\/bomberos.puyo.gob.ec\/2019\/wp-json\/wp\/v2\/media\/2937"}],"wp:attachment":[{"href":"https:\/\/bomberos.puyo.gob.ec\/2019\/wp-json\/wp\/v2\/media?parent=2936"}],"wp:term":[{"taxonomy":"category","embeddable":true,"href":"https:\/\/bomberos.puyo.gob.ec\/2019\/wp-json\/wp\/v2\/categories?post=2936"},{"taxonomy":"post_tag","embeddable":true,"href":"https:\/\/bomberos.puyo.gob.ec\/2019\/wp-json\/wp\/v2\/tags?post=2936"}],"curies":[{"name":"wp","href":"https:\/\/api.w.org\/{rel}","templated":true}]}}