{"id":2930,"date":"2022-05-12T19:38:03","date_gmt":"2022-05-13T00:38:03","guid":{"rendered":"https:\/\/bomberos.puyo.gob.ec\/emergencia-medica-43\/"},"modified":"2023-01-01T09:46:45","modified_gmt":"2023-01-01T14:46:45","slug":"emergencia-medica-43","status":"publish","type":"post","link":"https:\/\/bomberos.puyo.gob.ec\/2019\/emergencia-medica-43\/","title":{"rendered":"|EMERGENCIA M\u00c9DICA|&#8230;"},"content":{"rendered":"<p>|EMERGENCIA M\u00c9DICA|<\/p>\n<p>La unidad A5 se dirigi\u00f3 a una Emergencia M\u00e9dica en el Barrio Mariscal, en el punto se atiende a un paciente de nombre: M. V. T. C. de 46 a\u00f1os de edad, mismo que presenta halitosis similar al alcohol m\u00e1s una herida cortante en la regi\u00f3n occipital por motivo de una ca\u00edda de su propia altura.<br \/>\nPosterior a su respectiva valoraci\u00f3n es atendido en el lugar quedando a cargo de la Polic\u00eda Nacional.<\/p>\n<p><a href=\"https:\/\/bomberos.puyo.gob.ec\/2019\/wp-content\/uploads\/1672584404_726_EMERGENCIA-MEDICA.jpg\"><img decoding=\"async\" class=\"wp_automatic_fb_img\" title=\"\" src=\"https:\/\/bomberos.puyo.gob.ec\/2019\/wp-content\/uploads\/1672584404_726_EMERGENCIA-MEDICA.jpg\" \/><\/a><br \/>\n<br \/><a href=\"https:\/\/www.facebook.com\/465093860312824\/posts\/2201724596649733\">en facebook&#8230; <\/a>  <\/p>\n","protected":false},"excerpt":{"rendered":"<p>|EMERGENCIA M\u00c9DICA|<\/p>\n<p>La unidad A5 se dirigi\u00f3 a una Emergencia M\u00e9dica en el Barrio Mariscal, en el punto se atiende a un paciente de nombre: M. V. T. C. de 46 a\u00f1os de edad, mismo que presenta halitosis similar al alcohol m\u00e1s una herida cortante en la regi\u00f3n occipital por motivo de una ca\u00edda de su propia altura.<br \/>\nPosterior a su respectiva valoraci\u00f3n es atendido en el lugar quedando a cargo de la Polic\u00eda Nacional.<\/p>\n<p><a href=\"https:\/\/scontent.fuio15-1.fna.fbcdn.net\/v\/t39.30808-6\/280471605_2201724569983069_4382662541029924725_n.jpg?stp=dst-jpg_s640x640&#038;_nc_cat=101&#038;ccb=1-7&#038;_nc_sid=8bfeb9&#038;_nc_eui2=AeEkbonWBAJN8wpBVfRNtK5j25XOzEicmuLblc7MSJya4pWsf9oSa8eKXsMpulwpKZtHq33plF6FL4x6awN1zMnL&#038;_nc_ohc=ZwvZ0l8ryOoAX_Lk2mi&#038;_nc_ht=scontent.fuio15-1.fna&#038;oh=00_AfAubyGtTj83HU5Zyv_URz8xFIszcraoX-GF7bcAXUrxcA&#038;oe=63B5F065\"><img decoding=\"async\" class=\"wp_automatic_fb_img\" title=\"\" src=\"https:\/\/scontent.fuio15-1.fna.fbcdn.net\/v\/t39.30808-6\/280471605_2201724569983069_4382662541029924725_n.jpg?stp=dst-jpg_s640x640&#038;_nc_cat=101&#038;ccb=1-7&#038;_nc_sid=8bfeb9&#038;_nc_eui2=AeEkbonWBAJN8wpBVfRNtK5j25XOzEicmuLblc7MSJya4pWsf9oSa8eKXsMpulwpKZtHq33plF6FL4x6awN1zMnL&#038;_nc_ohc=ZwvZ0l8ryOoAX_Lk2mi&#038;_nc_ht=scontent.fuio15-1.fna&#038;oh=00_AfAubyGtTj83HU5Zyv_URz8xFIszcraoX-GF7bcAXUrxcA&#038;oe=63B5F065\" \/><\/a><\/p>\n","protected":false},"author":1,"featured_media":2931,"comment_status":"open","ping_status":"open","sticky":false,"template":"","format":"standard","meta":[],"categories":[1],"tags":[182,251],"_links":{"self":[{"href":"https:\/\/bomberos.puyo.gob.ec\/2019\/wp-json\/wp\/v2\/posts\/2930"}],"collection":[{"href":"https:\/\/bomberos.puyo.gob.ec\/2019\/wp-json\/wp\/v2\/posts"}],"about":[{"href":"https:\/\/bomberos.puyo.gob.ec\/2019\/wp-json\/wp\/v2\/types\/post"}],"author":[{"embeddable":true,"href":"https:\/\/bomberos.puyo.gob.ec\/2019\/wp-json\/wp\/v2\/users\/1"}],"replies":[{"embeddable":true,"href":"https:\/\/bomberos.puyo.gob.ec\/2019\/wp-json\/wp\/v2\/comments?post=2930"}],"version-history":[{"count":1,"href":"https:\/\/bomberos.puyo.gob.ec\/2019\/wp-json\/wp\/v2\/posts\/2930\/revisions"}],"predecessor-version":[{"id":2932,"href":"https:\/\/bomberos.puyo.gob.ec\/2019\/wp-json\/wp\/v2\/posts\/2930\/revisions\/2932"}],"wp:featuredmedia":[{"embeddable":true,"href":"https:\/\/bomberos.puyo.gob.ec\/2019\/wp-json\/wp\/v2\/media\/2931"}],"wp:attachment":[{"href":"https:\/\/bomberos.puyo.gob.ec\/2019\/wp-json\/wp\/v2\/media?parent=2930"}],"wp:term":[{"taxonomy":"category","embeddable":true,"href":"https:\/\/bomberos.puyo.gob.ec\/2019\/wp-json\/wp\/v2\/categories?post=2930"},{"taxonomy":"post_tag","embeddable":true,"href":"https:\/\/bomberos.puyo.gob.ec\/2019\/wp-json\/wp\/v2\/tags?post=2930"}],"curies":[{"name":"wp","href":"https:\/\/api.w.org\/{rel}","templated":true}]}}