{"id":2903,"date":"2022-05-22T14:58:15","date_gmt":"2022-05-22T19:58:15","guid":{"rendered":"https:\/\/bomberos.puyo.gob.ec\/rescate-animal-el-personal-del-cuerpo-de-bomberos-luego-de-capturar-un-oso\/"},"modified":"2022-12-31T22:11:04","modified_gmt":"2023-01-01T03:11:04","slug":"rescate-animal-el-personal-del-cuerpo-de-bomberos-luego-de-capturar-un-oso","status":"publish","type":"post","link":"https:\/\/bomberos.puyo.gob.ec\/2019\/rescate-animal-el-personal-del-cuerpo-de-bomberos-luego-de-capturar-un-oso\/","title":{"rendered":"|RESCATE ANIMAL|\n El personal del Cuerpo de Bomberos luego de capturar un oso &#8230;"},"content":{"rendered":"<div><span><\/p>\n<p>|RESCATE ANIMAL|<\/p>\n<p> El personal del Cuerpo de Bomberos luego de capturar un oso hormiguero que se encontraba en el patio de un domicilio se dirigen al centro de conservaci\u00f3n animal Yana Cocha para realizar la entrega formal a los encargados de su instituci\u00f3n para su valoraci\u00f3n y liberaci\u00f3n de ser necesario.<\/p>\n<p><\/span><\/div>\n<p><a href=\"https:\/\/facebook.com\/story.php?story_fbid=pfbid0bwuXbtimPEmM8258nzeKE1LKrQ6pjyQDUSeVM2h8n1cht3YezbDEFCQaHVTiEC5Vl&amp;id=465093860312824&amp;eav=AfbpDg6m6C_53_7EmicFYToEh0ZE37WPufxEplrs-U12r9VJRjbcZyPAwtJB15kq95A&amp;viewer=465093860312824&amp;m_entstream_source=timeline&amp;__tn__=%2As%2As-R&amp;paipv=1\" aria-label=\"Abrir historia\" class=\"_5msj\"><\/a><\/p>\n<p><a href=\"https:\/\/bomberos.puyo.gob.ec\/2019\/wp-content\/uploads\/RESCATE-ANIMAL-El-personal-del-Cuerpo-de-Bomberos-luego-de.jpg\"><img decoding=\"async\" class=\"wp_automatic_fb_img\" title=\"\" src=\"https:\/\/bomberos.puyo.gob.ec\/2019\/wp-content\/uploads\/RESCATE-ANIMAL-El-personal-del-Cuerpo-de-Bomberos-luego-de.jpg\" \/><\/a><br \/><a href=\"https:\/\/bomberos.puyo.gob.ec\/2019\/wp-content\/uploads\/1672542663_853_RESCATE-ANIMAL-El-personal-del-Cuerpo-de-Bomberos-luego-de.jpg\"><img decoding=\"async\" class=\"wp_automatic_fb_img\" title=\"\" src=\"https:\/\/bomberos.puyo.gob.ec\/2019\/wp-content\/uploads\/1672542663_853_RESCATE-ANIMAL-El-personal-del-Cuerpo-de-Bomberos-luego-de.jpg\" \/><\/a><br \/>\n<br \/><a href=\"https:\/\/www.facebook.com\/465093860312824\/posts\/2209468472542012\">en facebook&#8230; <\/a>  <\/p>\n","protected":false},"excerpt":{"rendered":"<div><span><\/p>\n<p>|RESCATE ANIMAL|<\/p>\n<p> El personal del Cuerpo de Bomberos luego de capturar un oso hormiguero que se encontraba en el patio de un domicilio se dirigen al centro de conservaci\u00f3n animal Yana Cocha para realizar la entrega formal a los encargados de su instituci\u00f3n para su valoraci\u00f3n y liberaci\u00f3n de ser necesario.<\/p>\n<p><\/span><\/div>\n<p><a href=\"https:\/\/facebook.com\/story.php?story_fbid=pfbid0bwuXbtimPEmM8258nzeKE1LKrQ6pjyQDUSeVM2h8n1cht3YezbDEFCQaHVTiEC5Vl&amp;id=465093860312824&amp;eav=AfbpDg6m6C_53_7EmicFYToEh0ZE37WPufxEplrs-U12r9VJRjbcZyPAwtJB15kq95A&amp;viewer=465093860312824&amp;m_entstream_source=timeline&amp;__tn__=%2As%2As-R&amp;paipv=1\" aria-label=\"Abrir historia\" class=\"_5msj\"><\/a><\/p>\n<p><a href=\"https:\/\/scontent.fuio15-1.fna.fbcdn.net\/v\/t39.30808-6\/283562070_2209468409208685_2622100567520645040_n.jpg?_nc_cat=101&#038;ccb=1-7&#038;_nc_sid=8bfeb9&#038;_nc_eui2=AeGde_94xtwU28wd7Mxz1bKzEGrUyKtcktEQatTIq1yS0VJitf7uRxZDqdrY_XXAE-YaulQyXe0pMb8xAq1VEfZz&#038;_nc_ohc=ZjNpYpGuaCMAX90AuZc&#038;_nc_ht=scontent.fuio15-1.fna&#038;oh=00_AfDIr4y-MZsP5ZHgZYHMggeVWAdYjrcqdyABMs3egXf0lQ&#038;oe=63B536E6\"><img decoding=\"async\" class=\"wp_automatic_fb_img\" title=\"\" src=\"https:\/\/scontent.fuio15-1.fna.fbcdn.net\/v\/t39.30808-6\/283562070_2209468409208685_2622100567520645040_n.jpg?_nc_cat=101&#038;ccb=1-7&#038;_nc_sid=8bfeb9&#038;_nc_eui2=AeGde_94xtwU28wd7Mxz1bKzEGrUyKtcktEQatTIq1yS0VJitf7uRxZDqdrY_XXAE-YaulQyXe0pMb8xAq1VEfZz&#038;_nc_ohc=ZjNpYpGuaCMAX90AuZc&#038;_nc_ht=scontent.fuio15-1.fna&#038;oh=00_AfDIr4y-MZsP5ZHgZYHMggeVWAdYjrcqdyABMs3egXf0lQ&#038;oe=63B536E6\" \/><\/a><br \/><a href=\"https:\/\/scontent.fuio15-1.fna.fbcdn.net\/v\/t39.30808-6\/283293225_2209468432542016_4587379544904241004_n.jpg?_nc_cat=108&#038;ccb=1-7&#038;_nc_sid=8bfeb9&#038;_nc_eui2=AeG4rkkJY2hX0fqDbcmEZAPnYrPfxPNM0llis9_E80zSWc4dhtBL83tO14mn5Y-UcsHsbceutWAyRmyeTrCTY2Cv&#038;_nc_ohc=G-AFMrCmqgIAX9UQuOX&#038;_nc_ht=scontent.fuio15-1.fna&#038;oh=00_AfAjnXszj7gb1GxpRSTv8K5lZvYKvK2IeuPDpdaI_Jk5aQ&#038;oe=63B5AFF1\"><img decoding=\"async\" class=\"wp_automatic_fb_img\" title=\"\" src=\"https:\/\/scontent.fuio15-1.fna.fbcdn.net\/v\/t39.30808-6\/283293225_2209468432542016_4587379544904241004_n.jpg?_nc_cat=108&#038;ccb=1-7&#038;_nc_sid=8bfeb9&#038;_nc_eui2=AeG4rkkJY2hX0fqDbcmEZAPnYrPfxPNM0llis9_E80zSWc4dhtBL83tO14mn5Y-UcsHsbceutWAyRmyeTrCTY2Cv&#038;_nc_ohc=G-AFMrCmqgIAX9UQuOX&#038;_nc_ht=scontent.fuio15-1.fna&#038;oh=00_AfAjnXszj7gb1GxpRSTv8K5lZvYKvK2IeuPDpdaI_Jk5aQ&#038;oe=63B5AFF1\" \/><\/a><\/p>\n","protected":false},"author":1,"featured_media":2904,"comment_status":"open","ping_status":"open","sticky":false,"template":"","format":"standard","meta":[],"categories":[1],"tags":[764,73,1011,64,32,157,1012,34,183],"_links":{"self":[{"href":"https:\/\/bomberos.puyo.gob.ec\/2019\/wp-json\/wp\/v2\/posts\/2903"}],"collection":[{"href":"https:\/\/bomberos.puyo.gob.ec\/2019\/wp-json\/wp\/v2\/posts"}],"about":[{"href":"https:\/\/bomberos.puyo.gob.ec\/2019\/wp-json\/wp\/v2\/types\/post"}],"author":[{"embeddable":true,"href":"https:\/\/bomberos.puyo.gob.ec\/2019\/wp-json\/wp\/v2\/users\/1"}],"replies":[{"embeddable":true,"href":"https:\/\/bomberos.puyo.gob.ec\/2019\/wp-json\/wp\/v2\/comments?post=2903"}],"version-history":[{"count":1,"href":"https:\/\/bomberos.puyo.gob.ec\/2019\/wp-json\/wp\/v2\/posts\/2903\/revisions"}],"predecessor-version":[{"id":2905,"href":"https:\/\/bomberos.puyo.gob.ec\/2019\/wp-json\/wp\/v2\/posts\/2903\/revisions\/2905"}],"wp:featuredmedia":[{"embeddable":true,"href":"https:\/\/bomberos.puyo.gob.ec\/2019\/wp-json\/wp\/v2\/media\/2904"}],"wp:attachment":[{"href":"https:\/\/bomberos.puyo.gob.ec\/2019\/wp-json\/wp\/v2\/media?parent=2903"}],"wp:term":[{"taxonomy":"category","embeddable":true,"href":"https:\/\/bomberos.puyo.gob.ec\/2019\/wp-json\/wp\/v2\/categories?post=2903"},{"taxonomy":"post_tag","embeddable":true,"href":"https:\/\/bomberos.puyo.gob.ec\/2019\/wp-json\/wp\/v2\/tags?post=2903"}],"curies":[{"name":"wp","href":"https:\/\/api.w.org\/{rel}","templated":true}]}}