{"id":2894,"date":"2022-05-24T10:37:51","date_gmt":"2022-05-24T15:37:51","guid":{"rendered":"https:\/\/bomberos.puyo.gob.ec\/heroes-que-murieron-para-dardos-el-ejemplo-de-virtud-y-patriotismo-a-seguir\/"},"modified":"2022-12-31T17:50:54","modified_gmt":"2022-12-31T22:50:54","slug":"heroes-que-murieron-para-dardos-el-ejemplo-de-virtud-y-patriotismo-a-seguir","status":"publish","type":"post","link":"https:\/\/bomberos.puyo.gob.ec\/2019\/heroes-que-murieron-para-dardos-el-ejemplo-de-virtud-y-patriotismo-a-seguir\/","title":{"rendered":"\u201cH\u00e9roes que murieron para dardos el ejemplo de virtud y patriotismo a seguir\u201d\n&#8230;"},"content":{"rendered":"<p>\u201cH\u00e9roes que murieron para dardos el ejemplo de virtud y patriotismo a seguir\u201d<br \/>\n EL CB-MCP INVITA A TODA LA CIUDADAN\u00cdA DEL CANT\u00d3N PASTAZA A RECORDAR Y VIVIR EL ESP\u00cdRITU C\u00cdVICO Y PATRI\u00d3TICO ESTE 24 DE MAYO LA BATALLA DE PICHINCHA EN EL ECUADOR. \ud83c\uddea\ud83c\udde8<\/p>\n<p><a href=\"https:\/\/facebook.com\/story.php?story_fbid=pfbid02AAi89wkBeMWijeDcxm9SU7DesbCsp5bLpkyo8XHpD3hsYKhxax4mUzAvQzqdQLQQl&amp;id=465093860312824&amp;eav=AfYGkeslitqjggULfXBufb2PKWlWDbsWJL5rNIRnoOfLw2jOGF93e3ZJbUvEX7b8V8M&amp;viewer=465093860312824&amp;m_entstream_source=timeline&amp;__tn__=%2As%2As-R&amp;paipv=1\" aria-label=\"Abrir historia\" class=\"_5msj\"><\/a><\/p>\n<p><a href=\"https:\/\/bomberos.puyo.gob.ec\/2019\/wp-content\/uploads\/Heroes-que-murieron-para-dardos-el-ejemplo-de-virtud-y.jpg\"><img decoding=\"async\" class=\"wp_automatic_fb_img\" title=\"\" src=\"https:\/\/bomberos.puyo.gob.ec\/2019\/wp-content\/uploads\/Heroes-que-murieron-para-dardos-el-ejemplo-de-virtud-y.jpg\" \/><\/a><br \/>\n<br \/><a href=\"https:\/\/www.facebook.com\/465093860312824\/posts\/2210945842394275\">en facebook&#8230; <\/a>  <\/p>\n","protected":false},"excerpt":{"rendered":"<p>\u201cH\u00e9roes que murieron para dardos el ejemplo de virtud y patriotismo a seguir\u201d<br \/>\n EL CB-MCP INVITA A TODA LA CIUDADAN\u00cdA DEL CANT\u00d3N PASTAZA A RECORDAR Y VIVIR EL ESP\u00cdRITU C\u00cdVICO Y PATRI\u00d3TICO ESTE 24 DE MAYO LA BATALLA DE PICHINCHA EN EL ECUADOR. \ud83c\uddea\ud83c\udde8<\/p>\n<p><a href=\"https:\/\/facebook.com\/story.php?story_fbid=pfbid02AAi89wkBeMWijeDcxm9SU7DesbCsp5bLpkyo8XHpD3hsYKhxax4mUzAvQzqdQLQQl&amp;id=465093860312824&amp;eav=AfYGkeslitqjggULfXBufb2PKWlWDbsWJL5rNIRnoOfLw2jOGF93e3ZJbUvEX7b8V8M&amp;viewer=465093860312824&amp;m_entstream_source=timeline&amp;__tn__=%2As%2As-R&amp;paipv=1\" aria-label=\"Abrir historia\" class=\"_5msj\"><\/a><\/p>\n<p><a href=\"https:\/\/scontent.fuio15-1.fna.fbcdn.net\/v\/t39.30808-6\/284042969_2210945815727611_5849297522019831618_n.jpg?stp=dst-jpg_s960x960&#038;_nc_cat=110&#038;ccb=1-7&#038;_nc_sid=8bfeb9&#038;_nc_eui2=AeEnoyoS4V1MwpiGeFf8xQKdg_uUMaclxC-D-5QxpyXEL2ISX5dlrk8XedY2PzruSB2GaYx5zS6QK0s3HfjgfBx_&#038;_nc_ohc=Agh1flbZgNAAX95hAUB&#038;_nc_ht=scontent.fuio15-1.fna&#038;oh=00_AfAEDEeDFMy3WD21kRl8YTVXyNw4oXaTZOTv_Z7l5kS19A&#038;oe=63B5C86C\"><img decoding=\"async\" class=\"wp_automatic_fb_img\" title=\"\" src=\"https:\/\/scontent.fuio15-1.fna.fbcdn.net\/v\/t39.30808-6\/284042969_2210945815727611_5849297522019831618_n.jpg?stp=dst-jpg_s960x960&#038;_nc_cat=110&#038;ccb=1-7&#038;_nc_sid=8bfeb9&#038;_nc_eui2=AeEnoyoS4V1MwpiGeFf8xQKdg_uUMaclxC-D-5QxpyXEL2ISX5dlrk8XedY2PzruSB2GaYx5zS6QK0s3HfjgfBx_&#038;_nc_ohc=Agh1flbZgNAAX95hAUB&#038;_nc_ht=scontent.fuio15-1.fna&#038;oh=00_AfAEDEeDFMy3WD21kRl8YTVXyNw4oXaTZOTv_Z7l5kS19A&#038;oe=63B5C86C\" \/><\/a><\/p>\n","protected":false},"author":1,"featured_media":2895,"comment_status":"open","ping_status":"open","sticky":false,"template":"","format":"standard","meta":[],"categories":[1],"tags":[1003,1004,355,1002,175,1006,1007,1005],"_links":{"self":[{"href":"https:\/\/bomberos.puyo.gob.ec\/2019\/wp-json\/wp\/v2\/posts\/2894"}],"collection":[{"href":"https:\/\/bomberos.puyo.gob.ec\/2019\/wp-json\/wp\/v2\/posts"}],"about":[{"href":"https:\/\/bomberos.puyo.gob.ec\/2019\/wp-json\/wp\/v2\/types\/post"}],"author":[{"embeddable":true,"href":"https:\/\/bomberos.puyo.gob.ec\/2019\/wp-json\/wp\/v2\/users\/1"}],"replies":[{"embeddable":true,"href":"https:\/\/bomberos.puyo.gob.ec\/2019\/wp-json\/wp\/v2\/comments?post=2894"}],"version-history":[{"count":1,"href":"https:\/\/bomberos.puyo.gob.ec\/2019\/wp-json\/wp\/v2\/posts\/2894\/revisions"}],"predecessor-version":[{"id":2896,"href":"https:\/\/bomberos.puyo.gob.ec\/2019\/wp-json\/wp\/v2\/posts\/2894\/revisions\/2896"}],"wp:featuredmedia":[{"embeddable":true,"href":"https:\/\/bomberos.puyo.gob.ec\/2019\/wp-json\/wp\/v2\/media\/2895"}],"wp:attachment":[{"href":"https:\/\/bomberos.puyo.gob.ec\/2019\/wp-json\/wp\/v2\/media?parent=2894"}],"wp:term":[{"taxonomy":"category","embeddable":true,"href":"https:\/\/bomberos.puyo.gob.ec\/2019\/wp-json\/wp\/v2\/categories?post=2894"},{"taxonomy":"post_tag","embeddable":true,"href":"https:\/\/bomberos.puyo.gob.ec\/2019\/wp-json\/wp\/v2\/tags?post=2894"}],"curies":[{"name":"wp","href":"https:\/\/api.w.org\/{rel}","templated":true}]}}