{"id":2885,"date":"2022-05-27T19:43:35","date_gmt":"2022-05-28T00:43:35","guid":{"rendered":"https:\/\/bomberos.puyo.gob.ec\/corte-de-arbol-en-la-tarde-de-hoy-el-personal-del-cuerpo-de-bomberos-de-pa-2\/"},"modified":"2022-12-31T14:42:27","modified_gmt":"2022-12-31T19:42:27","slug":"corte-de-arbol-en-la-tarde-de-hoy-el-personal-del-cuerpo-de-bomberos-de-pa-2","status":"publish","type":"post","link":"https:\/\/bomberos.puyo.gob.ec\/2019\/corte-de-arbol-en-la-tarde-de-hoy-el-personal-del-cuerpo-de-bomberos-de-pa-2\/","title":{"rendered":"|CORTE DE \u00c1RBOL| \n En la tarde de hoy el personal del Cuerpo de Bomberos de Pa&#8230;"},"content":{"rendered":"<div><span><\/p>\n<p>|CORTE DE \u00c1RBOL| <\/p>\n<p> En la tarde de hoy el personal del Cuerpo de Bomberos de Pastaza se moviliz\u00f3 en la unidad B3 para dar cumplimiento a una solicitud de corte de \u00e1rbol que pone en riesgo a un domicilio por la posible ca\u00edda del mismo.<\/p>\n<p> LUGAR: Barrio El Recreo calle Yutzus y Miramelindos en el domicilio del Sr. H. L.<\/p>\n<p><\/span><\/div>\n<p><a href=\"https:\/\/facebook.com\/story.php?story_fbid=pfbid0mHUjVgp3KwQQDUtMwaDLWbgiU5yrYy2pUxDwc3Ve4bdAp629ktbvNr4tYpnvp7KUl&amp;id=465093860312824&amp;eav=AfbDU2YlF6SFL4IEDVfup9DSYUcIpaOF0TUkQhVNICF7gM83gBTOt81MnmdkdL1luKU&amp;viewer=465093860312824&amp;m_entstream_source=timeline&amp;__tn__=%2As%2As-R&amp;paipv=1\" aria-label=\"Abrir historia\" class=\"_5msj\"><\/a><\/p>\n<p><a href=\"https:\/\/bomberos.puyo.gob.ec\/2019\/wp-content\/uploads\/1672515745_592_CORTE-DE-ARBOL-En-la-tarde-de-hoy-el-personal.jpg\"><img decoding=\"async\" class=\"wp_automatic_fb_img\" title=\"\" src=\"https:\/\/bomberos.puyo.gob.ec\/2019\/wp-content\/uploads\/1672515745_592_CORTE-DE-ARBOL-En-la-tarde-de-hoy-el-personal.jpg\" \/><\/a><br \/><a href=\"https:\/\/bomberos.puyo.gob.ec\/2019\/wp-content\/uploads\/1672515745_742_CORTE-DE-ARBOL-En-la-tarde-de-hoy-el-personal.jpg\"><img decoding=\"async\" class=\"wp_automatic_fb_img\" title=\"\" src=\"https:\/\/bomberos.puyo.gob.ec\/2019\/wp-content\/uploads\/1672515745_742_CORTE-DE-ARBOL-En-la-tarde-de-hoy-el-personal.jpg\" \/><\/a><br \/><a href=\"https:\/\/bomberos.puyo.gob.ec\/2019\/wp-content\/uploads\/1672515746_759_CORTE-DE-ARBOL-En-la-tarde-de-hoy-el-personal.jpg\"><img decoding=\"async\" class=\"wp_automatic_fb_img\" title=\"\" src=\"https:\/\/bomberos.puyo.gob.ec\/2019\/wp-content\/uploads\/1672515746_759_CORTE-DE-ARBOL-En-la-tarde-de-hoy-el-personal.jpg\" \/><\/a><br \/>\n<br \/><a href=\"https:\/\/www.facebook.com\/465093860312824\/posts\/2213719008783625\">en facebook&#8230; <\/a>  <\/p>\n","protected":false},"excerpt":{"rendered":"<div><span><\/p>\n<p>|CORTE DE \u00c1RBOL| <\/p>\n<p> En la tarde de hoy el personal del Cuerpo de Bomberos de Pastaza se moviliz\u00f3 en la unidad B3 para dar cumplimiento a una solicitud de corte de \u00e1rbol que pone en riesgo a un domicilio por la posible ca\u00edda del mismo.<\/p>\n<p> LUGAR: Barrio El Recreo calle Yutzus y Miramelindos en el domicilio del Sr. H. L.<\/p>\n<p><\/span><\/div>\n<p><a href=\"https:\/\/facebook.com\/story.php?story_fbid=pfbid0mHUjVgp3KwQQDUtMwaDLWbgiU5yrYy2pUxDwc3Ve4bdAp629ktbvNr4tYpnvp7KUl&amp;id=465093860312824&amp;eav=AfbDU2YlF6SFL4IEDVfup9DSYUcIpaOF0TUkQhVNICF7gM83gBTOt81MnmdkdL1luKU&amp;viewer=465093860312824&amp;m_entstream_source=timeline&amp;__tn__=%2As%2As-R&amp;paipv=1\" aria-label=\"Abrir historia\" class=\"_5msj\"><\/a><\/p>\n<p><a href=\"https:\/\/scontent.fuio15-1.fna.fbcdn.net\/v\/t39.30808-6\/284553782_2213718922116967_6689216924722392951_n.jpg?_nc_cat=101&#038;ccb=1-7&#038;_nc_sid=8bfeb9&#038;_nc_eui2=AeFXxD3EBRkTCnpBVPjeYtkyqxUqpMoAg6SrFSqkygCDpFU-s7b47Frw2dmwBcMbXFd0CF6QHf2seZS-tDc9lSjX&#038;_nc_ohc=opoaBU2eucAAX-_oqGf&#038;_nc_ht=scontent.fuio15-1.fna&#038;oh=00_AfCtmli1LJIJQWNlDORJR3Di1WYB6_ibucAKwb4Xdf5FnQ&#038;oe=63B487B2\"><img decoding=\"async\" class=\"wp_automatic_fb_img\" title=\"\" src=\"https:\/\/scontent.fuio15-1.fna.fbcdn.net\/v\/t39.30808-6\/284553782_2213718922116967_6689216924722392951_n.jpg?_nc_cat=101&#038;ccb=1-7&#038;_nc_sid=8bfeb9&#038;_nc_eui2=AeFXxD3EBRkTCnpBVPjeYtkyqxUqpMoAg6SrFSqkygCDpFU-s7b47Frw2dmwBcMbXFd0CF6QHf2seZS-tDc9lSjX&#038;_nc_ohc=opoaBU2eucAAX-_oqGf&#038;_nc_ht=scontent.fuio15-1.fna&#038;oh=00_AfCtmli1LJIJQWNlDORJR3Di1WYB6_ibucAKwb4Xdf5FnQ&#038;oe=63B487B2\" \/><\/a><br \/><a href=\"https:\/\/scontent.fuio15-1.fna.fbcdn.net\/v\/t39.30808-6\/284543636_2213718932116966_1154224222083895191_n.jpg?_nc_cat=109&#038;ccb=1-7&#038;_nc_sid=8bfeb9&#038;_nc_eui2=AeF6mdhf7s_dyGN0dXQHrBoSTt14K5fMtVBO3Xgrl8y1UB2HJOL0M9r-BON0LVSJBwoWpyWiK1nu0XwzOS_KKWuD&#038;_nc_ohc=7rvu8w8mF30AX-109OI&#038;_nc_ht=scontent.fuio15-1.fna&#038;oh=00_AfA5DPx0-I7R0qBIcxo5shyGoILh-heF9SQ1sCRHeItpgA&#038;oe=63B59C59\"><img decoding=\"async\" class=\"wp_automatic_fb_img\" title=\"\" src=\"https:\/\/scontent.fuio15-1.fna.fbcdn.net\/v\/t39.30808-6\/284543636_2213718932116966_1154224222083895191_n.jpg?_nc_cat=109&#038;ccb=1-7&#038;_nc_sid=8bfeb9&#038;_nc_eui2=AeF6mdhf7s_dyGN0dXQHrBoSTt14K5fMtVBO3Xgrl8y1UB2HJOL0M9r-BON0LVSJBwoWpyWiK1nu0XwzOS_KKWuD&#038;_nc_ohc=7rvu8w8mF30AX-109OI&#038;_nc_ht=scontent.fuio15-1.fna&#038;oh=00_AfA5DPx0-I7R0qBIcxo5shyGoILh-heF9SQ1sCRHeItpgA&#038;oe=63B59C59\" \/><\/a><br \/><a href=\"https:\/\/scontent.fuio15-1.fna.fbcdn.net\/v\/t39.30808-6\/284662220_2213718918783634_2736738368434881920_n.jpg?_nc_cat=106&#038;ccb=1-7&#038;_nc_sid=8bfeb9&#038;_nc_eui2=AeF5Hne8T9S7YpSwVfvEiMuujTIGih2291GNMgaKHbb3UTnfRIvfmmMaLwAyw1zhLKUNv8wwfLEaKluA34ZVBMAg&#038;_nc_ohc=qHfnoxhnXQwAX_tec0R&#038;_nc_ht=scontent.fuio15-1.fna&#038;oh=00_AfDm8D4YfCXOC1So1FJD7KYs5nfz5seprqNqFe0sW4wPxg&#038;oe=63B5E5BD\"><img decoding=\"async\" class=\"wp_automatic_fb_img\" title=\"\" src=\"https:\/\/scontent.fuio15-1.fna.fbcdn.net\/v\/t39.30808-6\/284662220_2213718918783634_2736738368434881920_n.jpg?_nc_cat=106&#038;ccb=1-7&#038;_nc_sid=8bfeb9&#038;_nc_eui2=AeF5Hne8T9S7YpSwVfvEiMuujTIGih2291GNMgaKHbb3UTnfRIvfmmMaLwAyw1zhLKUNv8wwfLEaKluA34ZVBMAg&#038;_nc_ohc=qHfnoxhnXQwAX_tec0R&#038;_nc_ht=scontent.fuio15-1.fna&#038;oh=00_AfDm8D4YfCXOC1So1FJD7KYs5nfz5seprqNqFe0sW4wPxg&#038;oe=63B5E5BD\" \/><\/a><\/p>\n","protected":false},"author":1,"featured_media":2886,"comment_status":"open","ping_status":"open","sticky":false,"template":"","format":"standard","meta":[],"categories":[1],"tags":[760,73,759,64,32,202,932,34,992],"_links":{"self":[{"href":"https:\/\/bomberos.puyo.gob.ec\/2019\/wp-json\/wp\/v2\/posts\/2885"}],"collection":[{"href":"https:\/\/bomberos.puyo.gob.ec\/2019\/wp-json\/wp\/v2\/posts"}],"about":[{"href":"https:\/\/bomberos.puyo.gob.ec\/2019\/wp-json\/wp\/v2\/types\/post"}],"author":[{"embeddable":true,"href":"https:\/\/bomberos.puyo.gob.ec\/2019\/wp-json\/wp\/v2\/users\/1"}],"replies":[{"embeddable":true,"href":"https:\/\/bomberos.puyo.gob.ec\/2019\/wp-json\/wp\/v2\/comments?post=2885"}],"version-history":[{"count":1,"href":"https:\/\/bomberos.puyo.gob.ec\/2019\/wp-json\/wp\/v2\/posts\/2885\/revisions"}],"predecessor-version":[{"id":2887,"href":"https:\/\/bomberos.puyo.gob.ec\/2019\/wp-json\/wp\/v2\/posts\/2885\/revisions\/2887"}],"wp:featuredmedia":[{"embeddable":true,"href":"https:\/\/bomberos.puyo.gob.ec\/2019\/wp-json\/wp\/v2\/media\/2886"}],"wp:attachment":[{"href":"https:\/\/bomberos.puyo.gob.ec\/2019\/wp-json\/wp\/v2\/media?parent=2885"}],"wp:term":[{"taxonomy":"category","embeddable":true,"href":"https:\/\/bomberos.puyo.gob.ec\/2019\/wp-json\/wp\/v2\/categories?post=2885"},{"taxonomy":"post_tag","embeddable":true,"href":"https:\/\/bomberos.puyo.gob.ec\/2019\/wp-json\/wp\/v2\/tags?post=2885"}],"curies":[{"name":"wp","href":"https:\/\/api.w.org\/{rel}","templated":true}]}}